{"id":150515,"date":"2022-06-18T16:01:00","date_gmt":"2022-06-18T20:01:00","guid":{"rendered":"https:\/\/linitiative.ca\/International\/le-medecin-de-la-selection-egyptienne-fait-une-revelation-sur-salah-et-la-finale-de-ligue-des-champions\/"},"modified":"2022-06-18T16:01:00","modified_gmt":"2022-06-18T20:01:00","slug":"le-medecin-de-la-selection-egyptienne-fait-une-revelation-sur-salah-et-la-finale-de-ligue-des-champions","status":"publish","type":"post","link":"https:\/\/linitiative.ca\/International\/le-medecin-de-la-selection-egyptienne-fait-une-revelation-sur-salah-et-la-finale-de-ligue-des-champions\/","title":{"rendered":"Le m\u00e9decin de la s\u00e9lection egyptienne fait une r\u00e9v\u00e9lation sur Salah et la finale de Ligue des Champions"},"content":{"rendered":"<div>Le m\u00e9decin de la s\u00e9lection \u00e9gyptienne vient de faire de nouvelles r\u00e9v\u00e9lations concernant la r\u00e9cente blessure de Mohamed Salah<\/div>\n<p>Auteur:<br \/>\n<a href=\"https:\/\/www.lebuteur.com\/article\/detail?titre=le-medecin-de-la-selection-egyptienne-fait-une-revelation-sur-salah-et-la-finale-de-ligue-des-champions&#038;id=103031\">Cliquez ici pour lire l&rsquo;article depuis sa source.<\/a><\/p>\n","protected":false},"excerpt":{"rendered":"<p>Le m\u00e9decin de la s\u00e9lection \u00e9gyptienne vient de faire de nouvelles r\u00e9v\u00e9lations concernant la r\u00e9cente blessure de Mohamed Salah Auteur: Cliquez ici pour lire l&rsquo;article depuis sa source.<\/p>\n","protected":false},"author":1738,"featured_media":0,"comment_status":"closed","ping_status":"closed","sticky":false,"template":"","format":"standard","meta":{"fifu_image_url":"","fifu_image_alt":"","footnotes":""},"categories":[53,75],"tags":[],"class_list":["post-150515","post","type-post","status-publish","format-standard","hentry","category-algerie","category-sport"],"_links":{"self":[{"href":"https:\/\/linitiative.ca\/International\/wp-json\/wp\/v2\/posts\/150515","targetHints":{"allow":["GET"]}}],"collection":[{"href":"https:\/\/linitiative.ca\/International\/wp-json\/wp\/v2\/posts"}],"about":[{"href":"https:\/\/linitiative.ca\/International\/wp-json\/wp\/v2\/types\/post"}],"author":[{"embeddable":true,"href":"https:\/\/linitiative.ca\/International\/wp-json\/wp\/v2\/users\/1738"}],"replies":[{"embeddable":true,"href":"https:\/\/linitiative.ca\/International\/wp-json\/wp\/v2\/comments?post=150515"}],"version-history":[{"count":0,"href":"https:\/\/linitiative.ca\/International\/wp-json\/wp\/v2\/posts\/150515\/revisions"}],"wp:attachment":[{"href":"https:\/\/linitiative.ca\/International\/wp-json\/wp\/v2\/media?parent=150515"}],"wp:term":[{"taxonomy":"category","embeddable":true,"href":"https:\/\/linitiative.ca\/International\/wp-json\/wp\/v2\/categories?post=150515"},{"taxonomy":"post_tag","embeddable":true,"href":"https:\/\/linitiative.ca\/International\/wp-json\/wp\/v2\/tags?post=150515"}],"curies":[{"name":"wp","href":"https:\/\/api.w.org\/{rel}","templated":true}]}}