{"id":150529,"date":"2022-06-19T08:40:00","date_gmt":"2022-06-19T12:40:00","guid":{"rendered":"https:\/\/linitiative.ca\/International\/le-champion-marocain-de-la-farine-va-investir-1-milliard-de-dh\/"},"modified":"2022-06-19T08:40:00","modified_gmt":"2022-06-19T12:40:00","slug":"le-champion-marocain-de-la-farine-va-investir-1-milliard-de-dh","status":"publish","type":"post","link":"https:\/\/linitiative.ca\/International\/le-champion-marocain-de-la-farine-va-investir-1-milliard-de-dh\/","title":{"rendered":"Le champion marocain de la farine va investir 1 milliard de DH"},"content":{"rendered":"<div><img decoding=\"async\" width=\"1600\" height=\"1066\" src=\"https:\/\/linitiative.ca\/International\/wp-content\/uploads\/sites\/23\/2022\/06\/FORAFRIC1.jpg\" class=\"attachment-post-thumbnail size-post-thumbnail wp-post-image\" alt=\"\" loading=\"lazy\" srcset=\"https:\/\/linitiative.ca\/International\/wp-content\/uploads\/sites\/23\/2022\/06\/FORAFRIC1.jpg 1600w, https:\/\/www.challenge.ma\/wp-content\/uploads\/2022\/06\/FORAFRIC1-300x200.jpg 300w, https:\/\/www.challenge.ma\/wp-content\/uploads\/2022\/06\/FORAFRIC1-1024x682.jpg 1024w, https:\/\/www.challenge.ma\/wp-content\/uploads\/2022\/06\/FORAFRIC1-768x512.jpg 768w, https:\/\/www.challenge.ma\/wp-content\/uploads\/2022\/06\/FORAFRIC1-1536x1023.jpg 1536w, https:\/\/www.challenge.ma\/wp-content\/uploads\/2022\/06\/FORAFRIC1-360x240.jpg 360w, https:\/\/www.challenge.ma\/wp-content\/uploads\/2022\/06\/FORAFRIC1-750x500.jpg 750w\" sizes=\"auto, (max-width: 1600px) 100vw, 1600px\" itemprop=\"image\">Le groupe minotier marocain Forafric, connu sous sa marque MayMouna va injecter 1 milliard de DH dans l\u2019extension de la capacit\u00e9 de trois moulins d\u00e9j\u00e0 existants ainsi que la construction de trois nouvelles unit\u00e9s. Il continue \u00e0 se diversifier dans les d\u00e9riv\u00e9s du bl\u00e9 et c\u00e9r\u00e9ales. Co\u00efncidence avec la crise<\/div>\n<p>Auteur: Adama Sylla<br \/>\n<a href=\"https:\/\/www.challenge.ma\/le-champion-marocain-de-la-farine-va-investir-1-milliard-de-dh-240969\/\">Cliquez ici pour lire l&rsquo;article depuis sa source.<\/a><\/p>\n","protected":false},"excerpt":{"rendered":"<p>Le groupe minotier marocain Forafric, connu sous sa marque MayMouna va injecter 1 milliard de DH dans l\u2019extension de la capacit\u00e9 de trois moulins d\u00e9j\u00e0 existants ainsi que la construction de trois nouvelles unit\u00e9s. Il continue \u00e0 se diversifier dans les d\u00e9riv\u00e9s du bl\u00e9 et c\u00e9r\u00e9ales. Co\u00efncidence avec la crise Auteur: Adama Sylla Cliquez ici [&hellip;]<\/p>\n","protected":false},"author":1787,"featured_media":0,"comment_status":"closed","ping_status":"closed","sticky":false,"template":"","format":"standard","meta":{"fifu_image_url":"https:\/\/www.challenge.ma\/wp-content\/uploads\/2022\/06\/FORAFRIC1.jpg","fifu_image_alt":"Le champion marocain de la farine va investir 1 milliard de DH","footnotes":""},"categories":[78,54],"tags":[],"class_list":["post-150529","post","type-post","status-publish","format-standard","hentry","category-economie","category-maroc"],"_links":{"self":[{"href":"https:\/\/linitiative.ca\/International\/wp-json\/wp\/v2\/posts\/150529","targetHints":{"allow":["GET"]}}],"collection":[{"href":"https:\/\/linitiative.ca\/International\/wp-json\/wp\/v2\/posts"}],"about":[{"href":"https:\/\/linitiative.ca\/International\/wp-json\/wp\/v2\/types\/post"}],"author":[{"embeddable":true,"href":"https:\/\/linitiative.ca\/International\/wp-json\/wp\/v2\/users\/1787"}],"replies":[{"embeddable":true,"href":"https:\/\/linitiative.ca\/International\/wp-json\/wp\/v2\/comments?post=150529"}],"version-history":[{"count":0,"href":"https:\/\/linitiative.ca\/International\/wp-json\/wp\/v2\/posts\/150529\/revisions"}],"wp:attachment":[{"href":"https:\/\/linitiative.ca\/International\/wp-json\/wp\/v2\/media?parent=150529"}],"wp:term":[{"taxonomy":"category","embeddable":true,"href":"https:\/\/linitiative.ca\/International\/wp-json\/wp\/v2\/categories?post=150529"},{"taxonomy":"post_tag","embeddable":true,"href":"https:\/\/linitiative.ca\/International\/wp-json\/wp\/v2\/tags?post=150529"}],"curies":[{"name":"wp","href":"https:\/\/api.w.org\/{rel}","templated":true}]}}