{"id":150536,"date":"2022-06-19T15:48:08","date_gmt":"2022-06-19T19:48:08","guid":{"rendered":"https:\/\/linitiative.ca\/International\/tunisie-monastir-une-jeune-fille-se-suite-en-ingerant-du-raticide\/"},"modified":"2022-06-19T15:48:08","modified_gmt":"2022-06-19T19:48:08","slug":"tunisie-monastir-une-jeune-fille-se-suite-en-ingerant-du-raticide","status":"publish","type":"post","link":"https:\/\/linitiative.ca\/International\/tunisie-monastir-une-jeune-fille-se-suite-en-ingerant-du-raticide\/","title":{"rendered":"Tunisie\u00a0: Monastir\u00a0: Une jeune fille se suite en ing\u00e9rant du raticide"},"content":{"rendered":"<div>\n<p>Une jeune fille de 17 ans, de la d\u00e9l\u00e9gation de Beni Hass\u00e8ne, \u00e0 Monastir, s\u2019est donn\u00e9 la mort, hier, en ing\u00e9rant une quantit\u00e9 de raticide, avant de se rendre au travail, dans une usine de la r\u00e9gion. Au travail, sa sant\u00e9 s\u2019est d\u00e9t\u00e9rior\u00e9e, ce qui a pouss\u00e9 ses employeurs \u00e0 la transf\u00e9rer \u00e0 l\u2019h\u00f4pital, o\u00f9, [\u2026]<\/p>\n<p>L\u2019article <a href=\"https:\/\/www.tunisienumerique.com\/tunisie-monastir-une-jeune-fille-se-suite-en-ingerant-du-raticide\/\">Tunisie\u00a0: Monastir\u00a0: Une jeune fille se suite en ing\u00e9rant du raticide<\/a> est apparu en premier sur <a href=\"https:\/\/www.tunisienumerique.com\/\">Tunisie<\/a>.<\/p>\n<\/div>\n<p>Auteur: LM<br \/>\n<a href=\"https:\/\/www.tunisienumerique.com\/tunisie-monastir-une-jeune-fille-se-suite-en-ingerant-du-raticide\/\">Cliquez ici pour lire l&rsquo;article depuis sa source.<\/a><\/p>\n","protected":false},"excerpt":{"rendered":"<p>Une jeune fille de 17 ans, de la d\u00e9l\u00e9gation de Beni Hass\u00e8ne, \u00e0 Monastir, s\u2019est donn\u00e9 la mort, hier, en ing\u00e9rant une quantit\u00e9 de raticide, avant de se rendre au travail, dans une usine de la r\u00e9gion. Au travail, sa sant\u00e9 s\u2019est d\u00e9t\u00e9rior\u00e9e, ce qui a pouss\u00e9 ses employeurs \u00e0 la transf\u00e9rer \u00e0 l\u2019h\u00f4pital, o\u00f9, [&hellip;]<\/p>\n","protected":false},"author":1789,"featured_media":0,"comment_status":"closed","ping_status":"closed","sticky":false,"template":"","format":"standard","meta":{"fifu_image_url":"","fifu_image_alt":"","footnotes":""},"categories":[73,55],"tags":[],"class_list":["post-150536","post","type-post","status-publish","format-standard","hentry","category-actualite","category-tunisie"],"_links":{"self":[{"href":"https:\/\/linitiative.ca\/International\/wp-json\/wp\/v2\/posts\/150536","targetHints":{"allow":["GET"]}}],"collection":[{"href":"https:\/\/linitiative.ca\/International\/wp-json\/wp\/v2\/posts"}],"about":[{"href":"https:\/\/linitiative.ca\/International\/wp-json\/wp\/v2\/types\/post"}],"author":[{"embeddable":true,"href":"https:\/\/linitiative.ca\/International\/wp-json\/wp\/v2\/users\/1789"}],"replies":[{"embeddable":true,"href":"https:\/\/linitiative.ca\/International\/wp-json\/wp\/v2\/comments?post=150536"}],"version-history":[{"count":0,"href":"https:\/\/linitiative.ca\/International\/wp-json\/wp\/v2\/posts\/150536\/revisions"}],"wp:attachment":[{"href":"https:\/\/linitiative.ca\/International\/wp-json\/wp\/v2\/media?parent=150536"}],"wp:term":[{"taxonomy":"category","embeddable":true,"href":"https:\/\/linitiative.ca\/International\/wp-json\/wp\/v2\/categories?post=150536"},{"taxonomy":"post_tag","embeddable":true,"href":"https:\/\/linitiative.ca\/International\/wp-json\/wp\/v2\/tags?post=150536"}],"curies":[{"name":"wp","href":"https:\/\/api.w.org\/{rel}","templated":true}]}}