{"id":150542,"date":"2022-06-19T14:55:59","date_gmt":"2022-06-19T18:55:59","guid":{"rendered":"https:\/\/linitiative.ca\/International\/le-mediateur-de-la-cedeao-face-a-la-crise-multiforme-burkinabe-mahamadou-issoufou-a-du-pain-sur-la-planche\/"},"modified":"2022-06-19T14:55:59","modified_gmt":"2022-06-19T18:55:59","slug":"le-mediateur-de-la-cedeao-face-a-la-crise-multiforme-burkinabe-mahamadou-issoufou-a-du-pain-sur-la-planche","status":"publish","type":"post","link":"https:\/\/linitiative.ca\/International\/le-mediateur-de-la-cedeao-face-a-la-crise-multiforme-burkinabe-mahamadou-issoufou-a-du-pain-sur-la-planche\/","title":{"rendered":"LE MEDIATEUR DE LA CEDEAO FACE A LA CRISE MULTIFORME BURKINABE  \u00a0: Mahamadou Issoufou a du pain sur la planche"},"content":{"rendered":"<div>\n<p><img loading=\"lazy\" decoding=\"async\" width=\"320\" height=\"158\" src=\"https:\/\/linitiative.ca\/International\/wp-content\/uploads\/sites\/23\/2022\/06\/BF-3.jpg\" class=\"attachment- size- wp-post-image\" alt=\"\" style=\"float:left; margin:0 15px 15px 0;\" srcset=\"https:\/\/linitiative.ca\/International\/wp-content\/uploads\/sites\/23\/2022\/06\/BF-3.jpg 320w, https:\/\/lepays.bf\/wp-content\/uploads\/2022\/06\/BF-3-300x148.jpg 300w, https:\/\/lepays.bf\/wp-content\/uploads\/2022\/06\/BF-3-150x74.jpg 150w\" sizes=\"auto, (max-width: 320px) 100vw, 320px\">La mission de m\u00e9diation de la Communaut\u00e9 \u00e9conomique des Etats de l\u2019Afrique de l\u2019ouest (CEDEAO) dans la crise sociopolitique burkinab\u00e8, conduite par l\u2019ancien pr\u00e9sident nig\u00e9rien, s\u2019est achev\u00e9e vendredi dernier, apr\u00e8s quarante-huit heures de s\u00e9jour \u00e0 Ouaga au cours desquelles Mahamadou Issoufou a successivement rencontr\u00e9 les [\u2026]<\/p>\n<p>L\u2019article <a rel=\"nofollow\" href=\"https:\/\/lepays.bf\/le-mediateur-de-la-cedeao-face-a-la-crise-multiforme-burkinabe-mahamadou-issoufou-a-du-pain-sur-la-planche\/\">LE MEDIATEUR DE LA CEDEAO FACE A LA CRISE MULTIFORME BURKINABE  \u00a0: Mahamadou Issoufou a du pain sur la planche<\/a> est apparu en premier sur <a rel=\"nofollow\" href=\"https:\/\/lepays.bf\/\">Editions Le Pays<\/a>.<\/p>\n<\/div>\n<p>Auteur: Editions LEPAYS<br \/>\n<a href=\"https:\/\/lepays.bf\/le-mediateur-de-la-cedeao-face-a-la-crise-multiforme-burkinabe-mahamadou-issoufou-a-du-pain-sur-la-planche\/\">Cliquez ici pour lire l&rsquo;article depuis sa source.<\/a><\/p>\n","protected":false},"excerpt":{"rendered":"<p>La mission de m\u00e9diation de la Communaut\u00e9 \u00e9conomique des Etats de l\u2019Afrique de l\u2019ouest (CEDEAO) dans la crise sociopolitique burkinab\u00e8, conduite par l\u2019ancien pr\u00e9sident nig\u00e9rien, s\u2019est achev\u00e9e vendredi dernier, apr\u00e8s quarante-huit heures de s\u00e9jour \u00e0 Ouaga au cours desquelles Mahamadou Issoufou a successivement rencontr\u00e9 les [\u2026] L\u2019article LE MEDIATEUR DE LA CEDEAO FACE A LA [&hellip;]<\/p>\n","protected":false},"author":1813,"featured_media":0,"comment_status":"closed","ping_status":"closed","sticky":false,"template":"","format":"standard","meta":{"fifu_image_url":"https:\/\/lepays.bf\/wp-content\/uploads\/2022\/06\/BF-3.jpg","fifu_image_alt":"LE MEDIATEUR DE LA CEDEAO FACE A LA CRISE MULTIFORME BURKINABE  \u00a0: Mahamadou Issoufou a du pain sur la planche","footnotes":""},"categories":[73,81],"tags":[],"class_list":["post-150542","post","type-post","status-publish","format-standard","hentry","category-actualite","category-burkina-faso"],"_links":{"self":[{"href":"https:\/\/linitiative.ca\/International\/wp-json\/wp\/v2\/posts\/150542","targetHints":{"allow":["GET"]}}],"collection":[{"href":"https:\/\/linitiative.ca\/International\/wp-json\/wp\/v2\/posts"}],"about":[{"href":"https:\/\/linitiative.ca\/International\/wp-json\/wp\/v2\/types\/post"}],"author":[{"embeddable":true,"href":"https:\/\/linitiative.ca\/International\/wp-json\/wp\/v2\/users\/1813"}],"replies":[{"embeddable":true,"href":"https:\/\/linitiative.ca\/International\/wp-json\/wp\/v2\/comments?post=150542"}],"version-history":[{"count":0,"href":"https:\/\/linitiative.ca\/International\/wp-json\/wp\/v2\/posts\/150542\/revisions"}],"wp:attachment":[{"href":"https:\/\/linitiative.ca\/International\/wp-json\/wp\/v2\/media?parent=150542"}],"wp:term":[{"taxonomy":"category","embeddable":true,"href":"https:\/\/linitiative.ca\/International\/wp-json\/wp\/v2\/categories?post=150542"},{"taxonomy":"post_tag","embeddable":true,"href":"https:\/\/linitiative.ca\/International\/wp-json\/wp\/v2\/tags?post=150542"}],"curies":[{"name":"wp","href":"https:\/\/api.w.org\/{rel}","templated":true}]}}