{"id":150544,"date":"2022-06-19T04:19:24","date_gmt":"2022-06-19T08:19:24","guid":{"rendered":"https:\/\/linitiative.ca\/International\/paix-et-cohesion-sociale-la-communaute-musulmane-du-burkina-faso-accompagnee-de-representants-de-communautes-dautres-pays-dont-limam-dicko-du-mali-recue-par-le-chef-de-l\/"},"modified":"2022-06-19T04:19:24","modified_gmt":"2022-06-19T08:19:24","slug":"paix-et-cohesion-sociale-la-communaute-musulmane-du-burkina-faso-accompagnee-de-representants-de-communautes-dautres-pays-dont-limam-dicko-du-mali-recue-par-le-chef-de-l","status":"publish","type":"post","link":"https:\/\/linitiative.ca\/International\/paix-et-cohesion-sociale-la-communaute-musulmane-du-burkina-faso-accompagnee-de-representants-de-communautes-dautres-pays-dont-limam-dicko-du-mali-recue-par-le-chef-de-l\/","title":{"rendered":"Paix et coh\u00e9sion sociale : la Communaut\u00e9 musulmane du Burkina Faso accompagn\u00e9e de repr\u00e9sentants de communaut\u00e9s d\u2019autres pays dont l\u2019imam Dicko du Mali \u00a0re\u00e7ue par le Chef de l\u2019Etat"},"content":{"rendered":"<div>\n<p><strong>Le Pr\u00e9sident du Faso, le Lieutenant-colonel Paul-Henri Sandaogo DAMIBA, a re\u00e7u en audience, ce samedi apr\u00e8s-midi, une d\u00e9l\u00e9gation de la Communaut\u00e9 musulmane du Burkina Faso accompagn\u00e9e de repr\u00e9sentants de communaut\u00e9s d\u2019autres pays de la sous-r\u00e9gion.<\/strong><\/p>\n<p>En effet, c\u2019est \u00e0 l\u2019issue de l\u2019installation du bureau de la Communaut\u00e9 musulmane du Burkina Faso, en pr\u00e9sence de leaders religieux de la sous-r\u00e9gion, \u00e0 l\u2019occasion du 60e anniversaire de cette Communaut\u00e9, que la d\u00e9l\u00e9gation a \u00e9t\u00e9 re\u00e7ue par le Chef de l\u2019Etat.<\/p>\n<p>Elle est venue remercier le Pr\u00e9sident du Faso pour avoir accept\u00e9 le patronage de cet \u00e9v\u00e8nement. La d\u00e9l\u00e9gation a r\u00e9affirm\u00e9 la volont\u00e9 et l\u2019engagement de la Communaut\u00e9 musulmane \u00e0 toujours \u0153uvrer pour une culture de paix et de coh\u00e9sion sociale dans le pays et dans la sous-r\u00e9gion, selon El Hadj Moussa KOANDA, nouveau Pr\u00e9sident de la Communaut\u00e9 musulmane du Burkina Faso. \u00ab Et, en m\u00eame temps, son Excellence Monsieur le Pr\u00e9sident du Faso a remerci\u00e9 nos invit\u00e9s pour avoir accept\u00e9 venir nous accompagner dans la c\u00e9l\u00e9bration de cet \u00e9v\u00e8nement au nom de l\u2019Islam, au nom de la sous-r\u00e9gion \u00bb, a-t-il indiqu\u00e9.<\/p>\n<p>\u00a0<\/p>\n<p><img decoding=\"async\" data-attachment-id=\"51136\" data-permalink=\"https:\/\/www.sidwaya.info\/blog\/2022\/06\/19\/paix-et-cohesion-sociale-la-communaute-musulmane-du-burkina-faso-accompagnee-de-representants-de-communautes-dautres-pays-dont-limam-dicko-du-mali-recue-par-le-chef-de-l\/2-797\/\" data-orig-file=\"https:\/\/linitiative.ca\/International\/wp-content\/uploads\/sites\/23\/2022\/06\/2-3.jpeg\" data-orig-size=\"900,600\" data-comments-opened=\"1\" data-image-meta='{\"aperture\":\"0\",\"credit\":\"\",\"camera\":\"\",\"caption\":\"\",\"created_timestamp\":\"0\",\"copyright\":\"\",\"focal_length\":\"0\",\"iso\":\"0\",\"shutter_speed\":\"0\",\"title\":\"\",\"orientation\":\"1\"}' data-image-title=\"2\" data-image-description=\"\" data-image-caption=\"\" data-medium-file=\"https:\/\/www.sidwaya.info\/wp-content\/uploads\/2022\/06\/2-3-300x200.jpeg\" data-large-file=\"https:\/\/linitiative.ca\/International\/wp-content\/uploads\/sites\/23\/2022\/06\/2-3.jpeg\" loading=\"lazy\" class=\"alignnone size-full wp-image-51136\" src=\"https:\/\/linitiative.ca\/International\/wp-content\/uploads\/sites\/23\/2022\/06\/2-3.jpeg\" alt=\"\" width=\"900\" height=\"600\" srcset=\"https:\/\/linitiative.ca\/International\/wp-content\/uploads\/sites\/23\/2022\/06\/2-3.jpeg 900w, https:\/\/www.sidwaya.info\/wp-content\/uploads\/2022\/06\/2-3-300x200.jpeg 300w, https:\/\/www.sidwaya.info\/wp-content\/uploads\/2022\/06\/2-3-768x512.jpeg 768w, https:\/\/www.sidwaya.info\/wp-content\/uploads\/2022\/06\/2-3-150x100.jpeg 150w, https:\/\/www.sidwaya.info\/wp-content\/uploads\/2022\/06\/2-3-696x464.jpeg 696w, https:\/\/www.sidwaya.info\/wp-content\/uploads\/2022\/06\/2-3-630x420.jpeg 630w\" sizes=\"auto, (max-width: 900px) 100vw, 900px\"><\/p>\n<p>Imam Mahmoud DICKO, Pr\u00e9sident de la Fondation de la paix et la s\u00e9curit\u00e9 pour le Sahel, venu du Mali, a soutenu que la sous-r\u00e9gion connait actuellement une situation difficile. Parlant du Burkina Faso, l\u2019imam DICKO a d\u00e9clar\u00e9 : \u00ab Nous saluons ce peuple qui est un peuple des Hommes int\u00e8gres et ils ne vont pas c\u00e9der parce qu\u2019aujourd\u2019hui, il y a des difficult\u00e9s \u00bb. Il s\u2019est dit convaincu qu\u2019en \u00ab multipliant ces genres de rencontres, pour chercher et \u00e9baucher des solutions endog\u00e8nes qui nous permettent vraiment de faire face \u00e0 la situation, nous aurons certainement la voie \u00bb.<\/p>\n<p>\u00a0<\/p>\n<p>Le Pr\u00e9sident de la Fondation de la paix et la s\u00e9curit\u00e9 pour le Sahel a pr\u00e9cis\u00e9 avoir \u00e9voqu\u00e9 cette question avec le Chef de l\u2019Etat. \u00ab Le tout s\u00e9curitaire n\u2019est pas de notre entendement la solution. La s\u00e9curit\u00e9, certes, mais nous avons besoin aussi de revoir les m\u00e9canismes que nous savions ici et ailleurs de nos diff\u00e9rentes soci\u00e9t\u00e9s qui peuvent nous aider \u00e0 trouver une issue \u00bb.<\/p>\n<p>\u00a0<\/p>\n<p>Selon lui, les solutions se ressemblent dans les diff\u00e9rents pays, qui poss\u00e8dent beaucoup des ressources humaines et culturelles pour sortir de cette situation difficile.<\/p>\n<p>\u00a0<\/p>\n<p>Direction de la communication de la Pr\u00e9sidence du Faso<\/p>\n<\/div>\n<p>Auteur: BS. Sidwaya<br \/>\n<a href=\"https:\/\/www.sidwaya.info\/blog\/2022\/06\/19\/paix-et-cohesion-sociale-la-communaute-musulmane-du-burkina-faso-accompagnee-de-representants-de-communautes-dautres-pays-dont-limam-dicko-du-mali-recue-par-le-chef-de-l\/\">Cliquez ici pour lire l&rsquo;article depuis sa source.<\/a><\/p>\n","protected":false},"excerpt":{"rendered":"<p>Le Pr\u00e9sident du Faso, le Lieutenant-colonel Paul-Henri Sandaogo DAMIBA, a re\u00e7u en audience, ce samedi apr\u00e8s-midi, une d\u00e9l\u00e9gation de la Communaut\u00e9 musulmane du Burkina Faso accompagn\u00e9e de repr\u00e9sentants de communaut\u00e9s d\u2019autres pays de la sous-r\u00e9gion. En effet, c\u2019est \u00e0 l\u2019issue de l\u2019installation du bureau de la Communaut\u00e9 musulmane du Burkina Faso, en pr\u00e9sence de leaders [&hellip;]<\/p>\n","protected":false},"author":1816,"featured_media":0,"comment_status":"closed","ping_status":"closed","sticky":false,"template":"","format":"standard","meta":{"fifu_image_url":"https:\/\/www.sidwaya.info\/wp-content\/uploads\/2022\/06\/2-3.jpeg","fifu_image_alt":"Paix et coh\u00e9sion sociale : la Communaut\u00e9 musulmane du Burkina Faso accompagn\u00e9e de repr\u00e9sentants de communaut\u00e9s d\u2019autres pays dont l\u2019imam Dicko du Mali \u00a0re\u00e7ue par le Chef de l\u2019Etat","footnotes":""},"categories":[73,81],"tags":[],"class_list":["post-150544","post","type-post","status-publish","format-standard","hentry","category-actualite","category-burkina-faso"],"_links":{"self":[{"href":"https:\/\/linitiative.ca\/International\/wp-json\/wp\/v2\/posts\/150544","targetHints":{"allow":["GET"]}}],"collection":[{"href":"https:\/\/linitiative.ca\/International\/wp-json\/wp\/v2\/posts"}],"about":[{"href":"https:\/\/linitiative.ca\/International\/wp-json\/wp\/v2\/types\/post"}],"author":[{"embeddable":true,"href":"https:\/\/linitiative.ca\/International\/wp-json\/wp\/v2\/users\/1816"}],"replies":[{"embeddable":true,"href":"https:\/\/linitiative.ca\/International\/wp-json\/wp\/v2\/comments?post=150544"}],"version-history":[{"count":0,"href":"https:\/\/linitiative.ca\/International\/wp-json\/wp\/v2\/posts\/150544\/revisions"}],"wp:attachment":[{"href":"https:\/\/linitiative.ca\/International\/wp-json\/wp\/v2\/media?parent=150544"}],"wp:term":[{"taxonomy":"category","embeddable":true,"href":"https:\/\/linitiative.ca\/International\/wp-json\/wp\/v2\/categories?post=150544"},{"taxonomy":"post_tag","embeddable":true,"href":"https:\/\/linitiative.ca\/International\/wp-json\/wp\/v2\/tags?post=150544"}],"curies":[{"name":"wp","href":"https:\/\/api.w.org\/{rel}","templated":true}]}}