{"id":150546,"date":"2022-06-18T18:18:02","date_gmt":"2022-06-18T22:18:02","guid":{"rendered":"https:\/\/linitiative.ca\/International\/maroc-culture-et-cinema-en-debat-au-festival-de-dakhla\/"},"modified":"2022-06-18T18:18:02","modified_gmt":"2022-06-18T22:18:02","slug":"maroc-culture-et-cinema-en-debat-au-festival-de-dakhla","status":"publish","type":"post","link":"https:\/\/linitiative.ca\/International\/maroc-culture-et-cinema-en-debat-au-festival-de-dakhla\/","title":{"rendered":"Maroc: \u00ab\u00a0Culture et cin\u00e9ma\u00a0\u00bb en d\u00e9bat au Festival de Dakhla"},"content":{"rendered":"<div>\n<p><img decoding=\"async\" width=\"1600\" height=\"1200\" src=\"https:\/\/linitiative.ca\/International\/wp-content\/uploads\/sites\/23\/2022\/06\/16555906837913.jpg\" class=\"attachment-post-thumbnail size-post-thumbnail wp-post-image\" alt=\"\" loading=\"lazy\" srcset=\"https:\/\/linitiative.ca\/International\/wp-content\/uploads\/sites\/23\/2022\/06\/16555906837913.jpg 1600w, https:\/\/www.journalducameroun.com\/wp-content\/uploads\/2022\/06\/16555906837913-300x225.jpg 300w, https:\/\/www.journalducameroun.com\/wp-content\/uploads\/2022\/06\/16555906837913-1024x768.jpg 1024w, https:\/\/www.journalducameroun.com\/wp-content\/uploads\/2022\/06\/16555906837913-768x576.jpg 768w, https:\/\/www.journalducameroun.com\/wp-content\/uploads\/2022\/06\/16555906837913-1536x1152.jpg 1536w, https:\/\/www.journalducameroun.com\/wp-content\/uploads\/2022\/06\/16555906837913-587x440.jpg 587w, https:\/\/www.journalducameroun.com\/wp-content\/uploads\/2022\/06\/16555906837913-600x450.jpg 600w\" sizes=\"auto, (max-width: 1600px) 100vw, 1600px\"><\/p>\n<p>Par Hicham Alaoui &#8212; Les intervenants \u00e9voquent largement le r\u00f4le du cin\u00e9ma dans les soci\u00e9t\u00e9s et cultures africaines.Courts et longs m\u00e9trages, documentaires, etc\u2026 Au festival international du film de Dakhla, tous les genres cin\u00e9matographiques ont \u00e9t\u00e9 l&rsquo;occasion de nourrir de riches d\u00e9bats sur diff\u00e9rents sujets de soci\u00e9t\u00e9, notamment lors d&rsquo;une rencontre sp\u00e9ciale organis\u00e9e, vendredi, et anim\u00e9e par le journaliste marocain Karim Douichi.<\/p>\n<p>Ce conclave a \u00e9t\u00e9 une occasion pour interpeller, entre autres, l&rsquo;\u00e9crivaine, professeure universitaire, journaliste et productrice d&rsquo;\u00e9missions, Rita El Khayat sur cette relation entre \u00ab\u00a0culture et le cin\u00e9ma\u00a0\u00bb, th\u00e8me de la discussion.<\/p>\n<p>Pour cette intellectuelle marocaine amoureuse du 7\u00e9me art, \u00ab le cin\u00e9ma est un art \u00e9minemment populaire et de ce fait il fait ind\u00e9niablement partie de la culture. Avec sa dimension hautement technologique multidimensionnelle, est une synth\u00e8se de plusieurs formes de la culture \u00bb.<\/p>\n<p>Selon Mme El Khayat, qui est \u00e9galement m\u00e9decin-psychiatre et psychanalyste, le cin\u00e9ma est \u00e0 la crois\u00e9e de tous les arts. Il est un reflet de cultures diverses qui s&rsquo;influencent, un outil de conscientisation et un instrument d&rsquo;\u00e9ducation.<\/p>\n<p>Interrog\u00e9e par APA news, Mme El Khayat a soulign\u00e9 que les pratiques culturelles dans le monde entier sont en train de sculpter un d\u00e9veloppement diff\u00e9rent. \u00ab On est plus uniquement dans un syst\u00e8me politique mais dans un syst\u00e8me de soci\u00e9t\u00e9 de l&rsquo;int\u00e9rieur duquel il y a des pratiques culturelles qui vont dicter des conduites \u00e9conomiques, sociales, humaines, anthropologiques et politiques\u2026 C&rsquo;est extr\u00eamement important \u00bb, analyse-t-elle.<\/p>\n<p>Pr\u00e9sidente de la Commission d&rsquo;aide \u00e0 la production cin\u00e9matographique nationale du Centre cin\u00e9matographique marocain (CCM) pour la 3\u00e8me fois cons\u00e9cutive (2012-2022), Mme El Khayat a tenu \u00e0 assurer qu&rsquo;elle tient \u00e0 \u00ab honorer le mieux possible cette charge que je fais avec une passion totale pour savoir comment \u00e9volue ce cin\u00e9ma \u00bb.<\/p>\n<p>R\u00e9pondant \u00e0 tous ceux qui lui reproche le fait qu&rsquo;elle ne ma\u00eetrise pas la langue arabe, alors que la majorit\u00e9 des productions cin\u00e9matographiques postulant pour les fonds du CCM sont en langue arabe, \u00ab Qu&rsquo;on me dise que je ne ma\u00eetrise pas la langue arabe, je vous assure que je s&rsquo;entretue avec cette langue, corps \u00e0 corps, pour avancer dans l&rsquo;apprentissage de cette langue mais aussi avec cette langue utilis\u00e9e dans les sc\u00e9narii. J&rsquo;avoue que c&rsquo;est un exercice intellectuel majeur parce que je suis en train d&rsquo;apprendre \u00bb.<\/p>\n<p>\tNonobstant, elle a exprim\u00e9 son \u00e9tonnement de voir tous les dossiers budg\u00e9taires \u00ab pr\u00e9sent\u00e9s syst\u00e9matiquement en langue fran\u00e7aise \u00bb.<\/p>\n<p>Pour ce qui est du cin\u00e9ma africain, cette cin\u00e9phile vorace, qui compte \u00e0 son actif une intense production scientifique de 38 ouvrages et plus de 150 articles traduits dans plusieurs langues, a indiqu\u00e9 que le cin\u00e9ma africain est une \u00ab passion que j&rsquo;ai acquise il y a quelques ann\u00e9es et fait partie d&rsquo;un travail que j&rsquo;ai fait sous le th\u00e8me \u2018femme et l&rsquo;esclave&rsquo;.<\/p>\n<p>\u00ab Je suis entr\u00e9e en Afrique \u00e0 travers la probl\u00e9matique de la femme esclave et je me suis rendue compte que l&rsquo;histoire de toute l&rsquo;Afrique enti\u00e8re, il y 5 si\u00e8cles, d\u00e9marre avec l&rsquo;esclavage puis la colonisation. Ce sont deux ph\u00e9nom\u00e8nes totalement li\u00e9s \u00bb, a-t-elle expliqu\u00e9.<\/p>\n<p>Le s\u00e9n\u00e9galais Magueye Kasse, m\u00e9daill\u00e9 de reconnaissance du Festival panafricain du Cin\u00e9ma et de la T\u00e9l\u00e9vision de Ouagadougou (FESPACO) a affirm\u00e9, lui, que \u00able cin\u00e9ma est un vecteur d&rsquo;influence voire un outil strat\u00e9gique \u00e0 part enti\u00e8re dans la puissance des nations \u00bb.<\/p>\n<p>Selon cet officier de l&rsquo;Ordre national du Lion (S\u00e9n\u00e9gal) et citoyen d&rsquo;honneur de Louisville (Etats-Unis), le th\u00e8me sur la relation entre la culture et le cin\u00e9ma est \u00ab important \u00bb et \u00ab vaste \u00bb.<\/p>\n<p>\u00ab Il est \u00e9vident que nos soci\u00e9t\u00e9s qui sont devant le choix de se d\u00e9velopper d&rsquo;une certaine mani\u00e8re, doivent repenser le rapport entre la culture et le cin\u00e9ma \u00bb.<\/p>\n<p>Et d&rsquo;ajouter que \u00ab les cin\u00e9astes sont les premiers \u00e0 \u00eatre interpell\u00e9s pour cela. Le cin\u00e9ma est un vecteur de la culture, un moyen par lequel on peut atteindre les cultures, p\u00e9n\u00e9trer ces cultures, les discuter, les analyser et partant distinguer entre ce qu&rsquo;on doit conserver et ce qu&rsquo;on doit rejeter \u00bb.<\/p>\n<p>\u00ab Nous sommes dans un syst\u00e8me international dans lequel les cultures dominantes des pays d\u00e9velopp\u00e9s ont tendance \u00e0 imposer implicitement ou explicitement leurs cultures \u00bb, a-t-il estim\u00e9, avant de lancer une mise en garde : \u00ab Si on ne fait pas attention, c&rsquo;est la d\u00e9perdition de nos cultures. Le cin\u00e9ma doit lutter contre la d\u00e9perdition et participer \u00e0 l&rsquo;\u00e9change culturel qui nous enrichit mutuellement \u00bb.<\/p>\n<p>Pour lui, l&rsquo;hybridit\u00e9 est un concept \u00e0 appr\u00e9hender au sens n\u00e9gatif. \u00ab On oublie nos cultures pour nous approprier des cultures totalement diff\u00e9rentes des n\u00f4tres. En partant de notre culture qu&rsquo;on ma\u00eetrise on peut raconter notre culture \u00bb.<\/p>\n<p>Le coup d&rsquo;envoi de la 10\u00e8me \u00e9dition du Festival International du Film de Dakhla, a \u00e9t\u00e9 donn\u00e9, vendredi, en pr\u00e9sence d&rsquo;un parterre de professionnels du cin\u00e9ma, de producteurs marocains et africains, de grandes figures du cin\u00e9ma marocain ainsi que des personnalit\u00e9s des mondes de la culture, des arts et des m\u00e9dias.<\/p>\n<p>Cette \u00e9dition qui c\u00e9l\u00e8bre le cin\u00e9ma africain \u00e0 travers la pr\u00e9sence de cin\u00e9aste de 13 pays africains, se veut une opportunit\u00e9 de r\u00e9v\u00e9ler et mettre en valeur des \u0153uvres de qualit\u00e9 pour servir l&rsquo;\u00e9volution du cin\u00e9ma national, favoriser le d\u00e9veloppement de l&rsquo;industrie du film et c\u00e9l\u00e9brer le 7\u00e8me art \u00e0 l&rsquo;africain dans cette ville de Dakhla, surnomm\u00e9e \u00ab la perle du sud marocain \u00bb devenue au fil des ans un p\u00f4le urbain important et une destination touristique tr\u00e8s pris\u00e9e.<\/p>\n<p>Organis\u00e9e par l&rsquo;Association pour l&rsquo;animation culturelle et artistique dans les provinces du Sud, cette \u00e9dition verra la participation de 7 films qui concourent pour les prix du festival \u00e0 savoir le Prix sp\u00e9cial du jury, le Prix de la R\u00e9alisation et le Grand Prix.<\/p>\n<p>Les films de la comp\u00e9tition officielle sont : \u00ab La nuit des rois \u00bb &#8211; Philippe Lac\u00f4te (C\u00f4te d&rsquo;Ivoire), \u00ab Juju stories \u00bb &#8211; Abba T Makama, C J \u2018Fiery&rsquo; Obasi, Michael Omonua (Nigeria), \u00ab Amansa Tiafi \u00bb &#8211; Kofi Ofosu-Yeboah (Ghana), \u00ab Breakable \u00bb &#8211; Ahmed Rashwan (Egypte), \u00ab Bendskins \u00bb &#8211; Narcisse Wandji (Cameroun), \u00ab Annatto \u00bb &#8211; Fatima Ali Boubakdi (Maroc), et \u00ab la travers\u00e9e \u00bb &#8211; Irene Tassembedo (Burkina Faso)<\/p>\n<p>Le jury de cette dixi\u00e8me \u00e9dition est pr\u00e9sid\u00e9 par le r\u00e9alisateur et producteur s\u00e9n\u00e9galais Moussa Tourr\u00e9. Il est compos\u00e9 des actrices b\u00e9ninoise Tella Kpomaho et marocaine Farah El Fassi outre les r\u00e9alisateurs congolais David-Pierre Fila et tunisien Sami Tlili.<\/p>\n<p>Cet article <a rel=\"nofollow\" href=\"https:\/\/www.journalducameroun.com\/maroc-culture-et-cinema-en-debat-au-festival-de-dakhla\/\">Maroc: \u00ab\u00a0Culture et cin\u00e9ma\u00a0\u00bb en d\u00e9bat au Festival de Dakhla<\/a> est apparu en premier sur <a rel=\"nofollow\" href=\"https:\/\/www.journalducameroun.com\/\">Journal du Cameroun<\/a>.<\/p>\n<\/div>\n<p>Auteur: APA News<br \/>\n<a href=\"https:\/\/www.journalducameroun.com\/maroc-culture-et-cinema-en-debat-au-festival-de-dakhla\/\">Cliquez ici pour lire l&rsquo;article depuis sa source.<\/a><\/p>\n","protected":false},"excerpt":{"rendered":"<p>Par Hicham Alaoui &#8212; Les intervenants \u00e9voquent largement le r\u00f4le du cin\u00e9ma dans les soci\u00e9t\u00e9s et cultures africaines.Courts et longs m\u00e9trages, documentaires, etc\u2026 Au festival international du film de Dakhla, tous les genres cin\u00e9matographiques ont \u00e9t\u00e9 l&rsquo;occasion de nourrir de riches d\u00e9bats sur diff\u00e9rents sujets de soci\u00e9t\u00e9, notamment lors d&rsquo;une rencontre sp\u00e9ciale organis\u00e9e, vendredi, et [&hellip;]<\/p>\n","protected":false},"author":1965,"featured_media":0,"comment_status":"closed","ping_status":"closed","sticky":false,"template":"","format":"standard","meta":{"fifu_image_url":"https:\/\/www.journalducameroun.com\/wp-content\/uploads\/2022\/06\/16555906837913.jpg","fifu_image_alt":"Maroc: \u00ab\u00a0Culture et cin\u00e9ma\u00a0\u00bb en d\u00e9bat au Festival de Dakhla","footnotes":""},"categories":[73,82],"tags":[],"class_list":["post-150546","post","type-post","status-publish","format-standard","hentry","category-actualite","category-cameroun"],"_links":{"self":[{"href":"https:\/\/linitiative.ca\/International\/wp-json\/wp\/v2\/posts\/150546","targetHints":{"allow":["GET"]}}],"collection":[{"href":"https:\/\/linitiative.ca\/International\/wp-json\/wp\/v2\/posts"}],"about":[{"href":"https:\/\/linitiative.ca\/International\/wp-json\/wp\/v2\/types\/post"}],"author":[{"embeddable":true,"href":"https:\/\/linitiative.ca\/International\/wp-json\/wp\/v2\/users\/1965"}],"replies":[{"embeddable":true,"href":"https:\/\/linitiative.ca\/International\/wp-json\/wp\/v2\/comments?post=150546"}],"version-history":[{"count":0,"href":"https:\/\/linitiative.ca\/International\/wp-json\/wp\/v2\/posts\/150546\/revisions"}],"wp:attachment":[{"href":"https:\/\/linitiative.ca\/International\/wp-json\/wp\/v2\/media?parent=150546"}],"wp:term":[{"taxonomy":"category","embeddable":true,"href":"https:\/\/linitiative.ca\/International\/wp-json\/wp\/v2\/categories?post=150546"},{"taxonomy":"post_tag","embeddable":true,"href":"https:\/\/linitiative.ca\/International\/wp-json\/wp\/v2\/tags?post=150546"}],"curies":[{"name":"wp","href":"https:\/\/api.w.org\/{rel}","templated":true}]}}