{"id":150548,"date":"2022-06-19T11:13:53","date_gmt":"2022-06-19T15:13:53","guid":{"rendered":"https:\/\/linitiative.ca\/International\/comment-letat-veut-sauver-limprimerie-nationale\/"},"modified":"2022-06-19T11:13:53","modified_gmt":"2022-06-19T15:13:53","slug":"comment-letat-veut-sauver-limprimerie-nationale","status":"publish","type":"post","link":"https:\/\/linitiative.ca\/International\/comment-letat-veut-sauver-limprimerie-nationale\/","title":{"rendered":"Comment l\u2019Etat veut sauver l\u2019imprimerie nationale"},"content":{"rendered":"<div>\n<p>L\u2019Imprimerie nationale sur la voie de la relance. Cette entreprise publique, embourb\u00e9e dans des probl\u00e8mes structurels qui plombent son fonctionnement depuis des ann\u00e9es, vient de d\u00e9finir un cadre propice \u00e0 une reprise optimale de ses activit\u00e9s. En effet, le 09 juin dernier, en pr\u00e9sence du ministre de la Communication, Ren\u00e9 Emmanuel Sadi, le groupe de travail mis sur pied dans le but de formuler des propositions au gouvernement a rendu sa copie. Les mesures contenues dans le rapport pr\u00e9sent\u00e9 s\u00e9ance tenante sont majoritairement d\u2019ordre structurel, avec un accent sur la r\u00e9vision du statut de l\u2019imprimerie nationale. \u00abCe document contient des recommandations. Je ne saurais toutes les lister, mais je peux vous dire que les probl\u00e8mes structurels tels que le statut de l\u2019imprimerie nationale ont \u00e9t\u00e9 \u00e9voqu\u00e9s. Parce que cette entreprise, depuis les nouvelles lois qui gouvernent les entreprises, vit avec un statut hybride. C\u2019est l\u2019un des probl\u00e8mes qui a \u00e9t\u00e9 \u00e9voqu\u00e9. Nous avons \u00e9galement le probl\u00e8me d\u2019acquisition des mati\u00e8res premi\u00e8res. Les commandes trainent chez nous, parce que nous n\u2019avons pas d\u2019intrants de production. C\u2019est entre autres les recommandations qui ont \u00e9t\u00e9 faites au ministre (ministre de la Communication, Ndlr) pour que ces probl\u00e8mes puissent rapidement trouver des solutions\u00bb a indiqu\u00e9 Firmin Kouague, employ\u00e9 de l\u2019imprimerie nationale et vice-pr\u00e9sident du Syndicat des industries polygraphiques du livre et assimil\u00e9s du Mfoundi (Siplam).<\/p>\n<p><strong>Lire aussi : <a href=\"https:\/\/ecomatin.net\/climat-social-les-employes-de-limprimerie-nationale-reclament-le-paiement-de-plus-4-mois-darrieres-de-salaire\/\" target=\"_blank\" rel=\"noreferrer noopener\">Climat social : les employ\u00e9s de l\u2019Imprimerie Nationale r\u00e9clament le paiement de plus 4 mois d\u2019arri\u00e9r\u00e9s de salaire<\/a><\/strong><\/p>\n<p>En dehors des recommandations \u00e9voqu\u00e9es supra, un plaidoyer a \u00e9galement \u00e9t\u00e9 formul\u00e9 \u00e0 l\u2019endroit du minist\u00e8re des Finances, tutelle financi\u00e8re de l\u2019Imprimerie nationale, pour le d\u00e9caissement urgent d\u2019une somme d\u2019argent qui va servir au paiement les salaires qui n\u2019ont pas \u00e9t\u00e9 vir\u00e9s dans les comptes bancaires des employ\u00e9s depuis 4 mois.\u00a0\u00abNous avons sollicit\u00e9 l\u2019appui de notre tutelle financi\u00e8re qui est le minist\u00e8re des Finances pour que pendant cette p\u00e9riode o\u00f9 le ministre va suivre le dossier qu\u2019un appui sp\u00e9cial puisse \u00eatre mis en place pour assurer les salaires pendant cette p\u00e9riode que nous avons appel\u00e9 la p\u00e9riode transitoire\u00bb, a ajout\u00e9 le vice-pr\u00e9sident du Siplam. Le diff\u00e9rend entre les employ\u00e9s de l\u2019imprimerie nationale \u00a0et le responsable de cette structure Paul Walter Nkoma a semble-t-il \u00e9t\u00e9 aplani. Alors que ces derniers r\u00e9clamaient \u00e0 cor et \u00e0 cri son d\u00e9part en avril dernier, l\u2019accusant de malversations financi\u00e8res et d\u2019\u00e9laboration\u00a0 de stratag\u00e8mes pour d\u00e9pouiller l\u2019imprimerie nationale de ses march\u00e9s statutaires, ce dernier a, selon des informations obtenues aupr\u00e8s de sources cr\u00e9dibles, trouv\u00e9 un terrain d\u2019entente avec ses pourfendeurs.<\/p>\n<p><strong>Lire aussi : <a href=\"https:\/\/ecomatin.net\/limprimerie-nationale-cherche-72-milliards-pour-survivre\/\" target=\"_blank\" rel=\"noreferrer noopener\">L\u2019Imprimerie nationale cherche 7,2 milliards pour survivre<\/a><\/strong><\/p>\n<p><strong>Gen\u00e8se<\/strong><\/p>\n<p>Jeudi 20 avril 2022, des employ\u00e9s de l\u2019Imprimerie nationale ont envahi les abords des services du premier ministre. Ces derniers souhaitaient faire part \u00e0 Joseph Dion Ngute, le patron des lieux, des diff\u00e9rents probl\u00e8mes que rencontre la structure qui les emploie, imput\u00e9s au directeur g\u00e9n\u00e9ral Paul Walter Nkoma. La probl\u00e9matique des salaires impay\u00e9s a \u00e9t\u00e9 mise sur la table. D\u2019apr\u00e8s certains employ\u00e9s rencontr\u00e9s par EcoMatin \u00e0 l\u2019\u00e9poque, les derniers paiements qui leur avaient \u00e9t\u00e9 vers\u00e9s remontent \u00e0 plus de 4 mois \u00abNous avons des arri\u00e9r\u00e9s de salaire qui remontent \u00e0 4 mois. Depuis janvier jusqu\u2019\u00e0 ce jour, nous ne sommes pas pass\u00e9s \u00e0 la banque. Il faut rappeler que l\u2019ann\u00e9e derni\u00e8re, nous sommes pass\u00e9s \u00e0 la banque 3 fois seulement\u00bb, a r\u00e9v\u00e9l\u00e9 Okali Onana Jacques Christian, un employ\u00e9 de l\u2019imprimerie nationale\u00bb. Ces derniers r\u00e9clamaient \u00e9galement la restauration de la dotation trimestrielle de 450 millions de FCFA accord\u00e9e \u00e0 l\u2019entreprise par le Minfi depuis le 26 mars 2018. Cette derni\u00e8re avait \u00e9t\u00e9 suspendue en raison de l\u2019opacit\u00e9 observ\u00e9e dans la gestion de cette enveloppe qui assurait le paiement d\u2019une partie des salaires mais \u00e9galement \u00e0 acqu\u00e9rir la mati\u00e8re premi\u00e8re destin\u00e9e \u00e0 la fabrication des documents budg\u00e9taires et comptables du Minfi.<\/p>\n<p><strong>Lire aussi : <a href=\"https:\/\/ecomatin.net\/filiere-bois-moins-de-1-des-entreprises-appartiennent-a-letat-du-cameroun\/\" target=\"_blank\" rel=\"noreferrer noopener\">Fili\u00e8re bois\u00a0: moins de 1% des entreprises appartiennent \u00e0 l\u2019Etat du Cameroun<\/a><\/strong><\/p>\n<p>L\u2019article <a rel=\"nofollow\" href=\"https:\/\/ecomatin.net\/comment-letat-veut-sauver-limprimerie-nationale\/\">Comment l\u2019Etat veut sauver l\u2019imprimerie nationale<\/a> est apparu en premier sur <a rel=\"nofollow\" href=\"https:\/\/ecomatin.net\/\">EcoMatin<\/a>.<\/p>\n<\/div>\n<p>Auteur: Paul Tjeg<br \/>\n<a href=\"https:\/\/ecomatin.net\/comment-letat-veut-sauver-limprimerie-nationale\/\">Cliquez ici pour lire l&rsquo;article depuis sa source.<\/a><\/p>\n","protected":false},"excerpt":{"rendered":"<p>L\u2019Imprimerie nationale sur la voie de la relance. Cette entreprise publique, embourb\u00e9e dans des probl\u00e8mes structurels qui plombent son fonctionnement depuis des ann\u00e9es, vient de d\u00e9finir un cadre propice \u00e0 une reprise optimale de ses activit\u00e9s. En effet, le 09 juin dernier, en pr\u00e9sence du ministre de la Communication, Ren\u00e9 Emmanuel Sadi, le groupe de [&hellip;]<\/p>\n","protected":false},"author":1969,"featured_media":0,"comment_status":"closed","ping_status":"closed","sticky":false,"template":"","format":"standard","meta":{"fifu_image_url":"","fifu_image_alt":"","footnotes":""},"categories":[82,78],"tags":[],"class_list":["post-150548","post","type-post","status-publish","format-standard","hentry","category-cameroun","category-economie"],"_links":{"self":[{"href":"https:\/\/linitiative.ca\/International\/wp-json\/wp\/v2\/posts\/150548","targetHints":{"allow":["GET"]}}],"collection":[{"href":"https:\/\/linitiative.ca\/International\/wp-json\/wp\/v2\/posts"}],"about":[{"href":"https:\/\/linitiative.ca\/International\/wp-json\/wp\/v2\/types\/post"}],"author":[{"embeddable":true,"href":"https:\/\/linitiative.ca\/International\/wp-json\/wp\/v2\/users\/1969"}],"replies":[{"embeddable":true,"href":"https:\/\/linitiative.ca\/International\/wp-json\/wp\/v2\/comments?post=150548"}],"version-history":[{"count":0,"href":"https:\/\/linitiative.ca\/International\/wp-json\/wp\/v2\/posts\/150548\/revisions"}],"wp:attachment":[{"href":"https:\/\/linitiative.ca\/International\/wp-json\/wp\/v2\/media?parent=150548"}],"wp:term":[{"taxonomy":"category","embeddable":true,"href":"https:\/\/linitiative.ca\/International\/wp-json\/wp\/v2\/categories?post=150548"},{"taxonomy":"post_tag","embeddable":true,"href":"https:\/\/linitiative.ca\/International\/wp-json\/wp\/v2\/tags?post=150548"}],"curies":[{"name":"wp","href":"https:\/\/api.w.org\/{rel}","templated":true}]}}