{"id":150553,"date":"2022-06-20T07:50:00","date_gmt":"2022-06-20T11:50:00","guid":{"rendered":"https:\/\/linitiative.ca\/International\/5eme-edition-du-meet-the-lead-la-high-tech-au-coeur-des-debats\/"},"modified":"2022-06-20T07:50:00","modified_gmt":"2022-06-20T11:50:00","slug":"5eme-edition-du-meet-the-lead-la-high-tech-au-coeur-des-debats","status":"publish","type":"post","link":"https:\/\/linitiative.ca\/International\/5eme-edition-du-meet-the-lead-la-high-tech-au-coeur-des-debats\/","title":{"rendered":"5eme \u00e9dition du Meet the Lead : La high-tech au c\u0153ur des d\u00e9bats"},"content":{"rendered":"<div>\n<p><img decoding=\"async\" width=\"300\" height=\"153\" src=\"https:\/\/linitiative.ca\/International\/wp-content\/uploads\/sites\/23\/2022\/06\/high-tech-au-coeur-des-debats-300x153-1.png\" class=\"attachment-medium size-medium wp-post-image\" alt=\"\" loading=\"lazy\" srcset=\"https:\/\/linitiative.ca\/International\/wp-content\/uploads\/sites\/23\/2022\/06\/high-tech-au-coeur-des-debats-300x153-1.png 300w, https:\/\/aujourdhui.ma\/wp-content\/uploads\/2022\/06\/high-tech-au-coeur-des-debats-274x140.png 274w, https:\/\/aujourdhui.ma\/wp-content\/uploads\/2022\/06\/high-tech-au-coeur-des-debats.png 746w, https:\/\/aujourdhui.ma\/wp-content\/uploads\/2022\/06\/high-tech-au-coeur-des-debats-165x84.png 165w, https:\/\/aujourdhui.ma\/wp-content\/uploads\/2022\/06\/high-tech-au-coeur-des-debats-702x358.png 702w\" sizes=\"auto, (max-width: 300px) 100vw, 300px\"><\/p>\n<p><span style=\"color: #800000;\"><strong>En marge des festivit\u00e9s de la F\u00eate du Tr\u00f4ne, la Fondation Startup Grow organise dans la R\u00e9gion de l\u2019Oriental du 21 au 23 juillet la cinqui\u00e8me \u00e9dition du Meet the Lead qui aura comme th\u00e9matique \u00abBe Part of the Future\u00bb, un \u00e9v\u00e9nement exclusivement d\u00e9di\u00e9 \u00e0 la high-tech, r\u00e9unissant une communaut\u00e9 d\u2019experts nationaux et internationaux du monde de la technologie num\u00e9rique et de l\u2019innovation.<\/strong> <\/span><span id=\"more-411103\"><\/span><\/p>\n<p>Capitalisant sur les pr\u00e9c\u00e9dentes \u00e9ditions et tenant compte du contexte de son d\u00e9roulement marqu\u00e9 par le combat contre la pand\u00e9mie Covid-19 et la guerre entre la Russie et l\u2019Ukraine, des speakers renomm\u00e9s r\u00e9unis en panels se pencheront durant trois jours sur l\u2019importance du monde num\u00e9rique et de la technologie pour connecter les bonnes volont\u00e9s et cr\u00e9er une synergie \u00e0 retomb\u00e9es positives sur l\u2019humanit\u00e9. Outre les conf\u00e9rences, rencontres B2B, expositions de startups et partenaires, les d\u00e9bats porteront notamment sur le futur de la r\u00e9gion en tant qu\u2019espace de r\u00e9flexion et de d\u00e9veloppement, l\u2019Agri-Tech, Eau, Impact climatique &amp; R\u00e9silience et le futur du paiement, banking, Fintech, bigtech &amp; Insurtech.<\/p>\n<\/div>\n<p>Auteur: ALM<br \/>\n<a href=\"https:\/\/aujourdhui.ma\/economie\/5eme-edition-du-meet-the-lead-la-high-tech-au-coeur-des-debats\">Cliquez ici pour lire l&rsquo;article depuis sa source.<\/a><\/p>\n","protected":false},"excerpt":{"rendered":"<p>En marge des festivit\u00e9s de la F\u00eate du Tr\u00f4ne, la Fondation Startup Grow organise dans la R\u00e9gion de l\u2019Oriental du 21 au 23 juillet la cinqui\u00e8me \u00e9dition du Meet the Lead qui aura comme th\u00e9matique \u00abBe Part of the Future\u00bb, un \u00e9v\u00e9nement exclusivement d\u00e9di\u00e9 \u00e0 la high-tech, r\u00e9unissant une communaut\u00e9 d\u2019experts nationaux et internationaux du [&hellip;]<\/p>\n","protected":false},"author":1759,"featured_media":0,"comment_status":"closed","ping_status":"closed","sticky":false,"template":"","format":"standard","meta":{"fifu_image_url":"https:\/\/aujourdhui.ma\/wp-content\/uploads\/2022\/06\/high-tech-au-coeur-des-debats-300x153.png","fifu_image_alt":"5eme \u00e9dition du Meet the Lead : La high-tech au c\u0153ur des d\u00e9bats","footnotes":""},"categories":[73,54],"tags":[],"class_list":["post-150553","post","type-post","status-publish","format-standard","hentry","category-actualite","category-maroc"],"_links":{"self":[{"href":"https:\/\/linitiative.ca\/International\/wp-json\/wp\/v2\/posts\/150553","targetHints":{"allow":["GET"]}}],"collection":[{"href":"https:\/\/linitiative.ca\/International\/wp-json\/wp\/v2\/posts"}],"about":[{"href":"https:\/\/linitiative.ca\/International\/wp-json\/wp\/v2\/types\/post"}],"author":[{"embeddable":true,"href":"https:\/\/linitiative.ca\/International\/wp-json\/wp\/v2\/users\/1759"}],"replies":[{"embeddable":true,"href":"https:\/\/linitiative.ca\/International\/wp-json\/wp\/v2\/comments?post=150553"}],"version-history":[{"count":0,"href":"https:\/\/linitiative.ca\/International\/wp-json\/wp\/v2\/posts\/150553\/revisions"}],"wp:attachment":[{"href":"https:\/\/linitiative.ca\/International\/wp-json\/wp\/v2\/media?parent=150553"}],"wp:term":[{"taxonomy":"category","embeddable":true,"href":"https:\/\/linitiative.ca\/International\/wp-json\/wp\/v2\/categories?post=150553"},{"taxonomy":"post_tag","embeddable":true,"href":"https:\/\/linitiative.ca\/International\/wp-json\/wp\/v2\/tags?post=150553"}],"curies":[{"name":"wp","href":"https:\/\/api.w.org\/{rel}","templated":true}]}}