{"id":150569,"date":"2022-06-20T07:39:59","date_gmt":"2022-06-20T11:39:59","guid":{"rendered":"https:\/\/linitiative.ca\/International\/sm-le-roi-adresse-un-message-aux-participants-a-la-conference-de-lancement-du-forum-africain-des-investisseurs-souverains\/"},"modified":"2022-06-20T07:39:59","modified_gmt":"2022-06-20T11:39:59","slug":"sm-le-roi-adresse-un-message-aux-participants-a-la-conference-de-lancement-du-forum-africain-des-investisseurs-souverains","status":"publish","type":"post","link":"https:\/\/linitiative.ca\/International\/sm-le-roi-adresse-un-message-aux-participants-a-la-conference-de-lancement-du-forum-africain-des-investisseurs-souverains\/","title":{"rendered":"SM le Roi adresse un message aux participants \u00e0 la Conf\u00e9rence de lancement du Forum africain des investisseurs souverains"},"content":{"rendered":"<div>\n<div style=\"margin-bottom:20px;\"><img loading=\"lazy\" decoding=\"async\" width=\"750\" height=\"430\" src=\"https:\/\/linitiative.ca\/International\/wp-content\/uploads\/sites\/23\/2022\/06\/SM-le-Roi-2.jpg\" class=\"attachment-post-thumbnail size-post-thumbnail wp-post-image\" alt=\"\" srcset=\"https:\/\/linitiative.ca\/International\/wp-content\/uploads\/sites\/23\/2022\/06\/SM-le-Roi-2.jpg 750w, https:\/\/www.mapmarrakech.ma\/map\/uploads\/2022\/02\/SM-le-Roi-300x172.jpg 300w\" sizes=\"auto, (max-width: 750px) 100vw, 750px\"><\/div>\n<p>Voici le texte int\u00e9gral du message Royal dont lecture a \u00e9t\u00e9 donn\u00e9e, lundi, par le ministre d\u00e9l\u00e9gu\u00e9 aupr\u00e8s du ministre de l\u2019Economie et des Finances, charg\u00e9 du Budget, M.\u00a0Faouzi Lekjaa.<\/p>\n<p>\u00a0<\/p>\n<p>\u00ab\u00a0Louange \u00e0 Dieu.<\/p>\n<p>Paix et salut sur le Proph\u00e8te, Sa famille et Ses compagnons.<\/p>\n<p>\u00a0<\/p>\n<p><b>Excellences, <\/b><\/p>\n<p><b>Mesdames, Messieurs, <\/b><\/p>\n<p>C\u2019est pour Nous un motif de joie et de grande satisfaction que de Nous adresser aux participants \u00e0 la Conf\u00e9rence de lancement du Forum africain des investisseurs souverains \u00ab\u00a0ASIF\u00a0\u00bb. Nous tenons \u00e0 f\u00e9liciter les fonds souverains et strat\u00e9giques africains r\u00e9unis aujourd\u2019hui \u00e0 Rabat pour cette initiative louable, qui ne manquera pas de promouvoir le d\u00e9veloppement et la r\u00e9alisation de projets structurants \u00e0 fort impact d\u2019int\u00e9gration dans notre continent, et que Nous saluons et soutenons.<\/p>\n<p>A cette occasion, il Nous est particuli\u00e8rement agr\u00e9able de souhaiter la bienvenue \u00e0 Nos honorables h\u00f4tes les dirigeants des Fonds souverains et strat\u00e9giques membres de ce Forum, ainsi qu\u2019\u00e0 l\u2019ensemble des intervenants et participants \u00e0 cet important \u00e9v\u00e8nement.<\/p>\n<p>Votre initiative est une autre expression de la d\u00e9termination des forces vives de l\u2019Afrique d\u2019\u00eatre les acteurs de son progr\u00e8s et de son d\u00e9veloppement. Nous y voyons l\u2019illustration de l\u2019Afrique que Nous appelons de nos v\u0153ux, une Afrique entreprenante et audacieuse, relevant ses d\u00e9fis et les transformant en opportunit\u00e9s.<\/p>\n<p>En effet, il nous appartient \u00e0 nous tous, pays africains, de nous saisir de notre destin\u00e9e et d\u2019\u0153uvrer, individuellement et de concert, \u00e0 transformer nos ressources et nos potentialit\u00e9s en r\u00e9alisations prometteuses pour nos citoyens et nos g\u00e9n\u00e9rations futures.<\/p>\n<p>Alors que s\u2019offrent aujourd\u2019hui \u00e0 l\u2019Afrique, des opportunit\u00e9s sans \u00e9quivalent, en particulier dans les secteurs de l\u2019\u00e9conomie verte, de l\u2019\u00e9conomie bleue et du num\u00e9rique, notre Continent se doit de poursuivre ses efforts pour relever les multiples d\u00e9fis li\u00e9s \u00e0 sa souverainet\u00e9 alimentaire et sanitaire, \u00e0 ses besoins en infrastructures et \u00e0 la valorisation de ses ressources naturelles et de ses richesses.<\/p>\n<p>Nous sommes convaincu que les d\u00e9fis que connaissent de nombreux secteurs aujourd\u2019hui sont en r\u00e9alit\u00e9 des opportunit\u00e9s. Des opportunit\u00e9s de faire des sauts de d\u00e9veloppement consid\u00e9rables, rendus possibles par les avanc\u00e9es, notamment en termes de productivit\u00e9 dans l\u2019agriculture, d\u2019acc\u00e8s \u00e0 l\u2019information, de bancarisation num\u00e9rique, de soins et d\u2019enseignement \u00e0 distance.<\/p>\n<p>\u00a0<\/p>\n<p><b>Excellences, <\/b><\/p>\n<p><b>Mesdames, Messieurs, <\/b><\/p>\n<p>Notre continent a besoin de l\u2019apport d\u2019une v\u00e9ritable industrie africaine de l\u2019investissement, \u00e0 m\u00eame de garantir une mobilisation massive et p\u00e9renne de capitaux et d\u2019assurer une int\u00e9gration effective aux march\u00e9s financiers.<\/p>\n<p>Les fonds souverains et strat\u00e9giques d\u2019investissement sont de puissants r\u00e9v\u00e9lateurs d\u2019opportunit\u00e9s et constituent des aiguillons pour une meilleure allocation des capitaux vers les secteurs cr\u00e9ateurs de valeur \u00e9conomique et \u00e0 fort impact social.<\/p>\n<p>Toutefois, force est de constater, qu\u2019\u00e0 ce jour, et malgr\u00e9 les efforts du continent en mati\u00e8re de r\u00e9formes que plusieurs pays ont mises en \u0153uvre, l\u2019acc\u00e8s au capital reste timide et principalement domin\u00e9 par les financements des agences et banques de d\u00e9veloppement.<\/p>\n<p>Il est aujourd\u2019hui temps que l\u2019Afrique puisse s\u2019affirmer, prendre son destin en main et occuper le rang qui lui \u00e9choit. La perception du reste du monde de l\u2019Afrique doit \u00e9voluer irr\u00e9m\u00e9diablement. N\u2019est-il pas le continent du 21\u00e8me si\u00e8cle ? Celui qui abritera un quart de la population mondiale \u00e0 l\u2019horizon 2050, qui plus est une population jeune et cr\u00e9ative. Celui qui constituera un march\u00e9 de plus de 1,2 milliard de personnes et un PIB cumul\u00e9 de plus de 3.400 milliards de dollars \u00e0 l\u2019op\u00e9rationnalisation de la Zone de Libre \u00c9change Continentale Africaine.<\/p>\n<p>La concr\u00e9tisation d\u2019une telle ambition impose notamment l\u2019acc\u00e9l\u00e9ration et l\u2019optimisation de l\u2019investissement public pour produire un effet de levier sur le capital priv\u00e9 au profit des secteurs strat\u00e9giques et productifs.<\/p>\n<p>Pour ce faire, les fonds souverains et strat\u00e9giques que vous \u00eates avez le mandat d\u2019agir en investisseurs avis\u00e9s et patients assurant le relais entre les priorit\u00e9s nationales \u00e0 long terme et les investisseurs priv\u00e9s, dans le cadre d\u2019une approche partenariale et de d\u00e9veloppement durable.<\/p>\n<p>Ceci est d\u2019autant plus crucial quand il s\u2019agit d\u2019assurer l\u2019arrimage de l\u2019Afrique au syst\u00e8me financier priv\u00e9 international, notamment par le renforcement et la g\u00e9n\u00e9ralisation des comp\u00e9tences pour les mettre au diapason des meilleurs standards internationaux, consacrant ainsi l\u2019Afrique comme une terre d\u2019accueil des investisseurs et des investissements.<\/p>\n<p>\u00c0 ce titre, Nous nous r\u00e9jouissons et saluons chaleureusement le soutien apport\u00e9 \u00e0 votre Forum par certains fonds souverains de nos pays fr\u00e8res du Golfe, \u00e0 travers la D\u00e9claration de Rabat qui illustre, par ailleurs, les efforts du Royaume dans le renforcement du dialogue et de la coop\u00e9ration entre l\u2019Afrique et les autres r\u00e9gions du monde.<\/p>\n<p>\u00a0<\/p>\n<p><b>Excellences, <\/b><\/p>\n<p><b>Mesdames, Messieurs, <\/b><\/p>\n<p>Le Maroc n\u2019a de cesse, et depuis longtemps, d\u2019\u0153uvrer pour les int\u00e9r\u00eats de notre continent, et en faveur de son essor \u00e9conomique.<\/p>\n<p>C\u2019est ainsi que Nous avons toujours veill\u00e9 \u00e0 consolider les liens de fraternit\u00e9 et de solidarit\u00e9 entre nos peuples, et plac\u00e9 la coop\u00e9ration \u00e9conomique parmi les priorit\u00e9s du Maroc, comme en t\u00e9moignent les nombreuses visites que nous avons effectu\u00e9es dans plusieurs pays africains fr\u00e8res.<\/p>\n<p>En effet, l\u2019Afrique est un choix de c\u0153ur et de raison. C\u2019est un choix clair et volontariste, mat\u00e9rialis\u00e9 par Notre engagement \u00e0 travers de nombreuses initiatives qui dynamisent et promeuvent la coop\u00e9ration et le d\u00e9veloppement \u00e9conomique interafricain. Un choix de faire aujourd\u2019hui de l\u2019investissement un moteur de d\u00e9veloppement \u00e9conomique et social et d\u2019int\u00e9gration r\u00e9gionale et continentale en Afrique.<\/p>\n<p>Nous n\u2019en voulons pour preuve que les approches inclusives et partenariales dans lesquelles le Maroc s\u2019est engag\u00e9 pour faire face aux nombreux d\u00e9fis actuels et futurs. Nous pouvons citer \u00e0 ce titre les projets de mise en place d\u2019unit\u00e9s de production de vaccins, de construction d\u2019usines de production d\u2019engrais et de fertilisants, visant respectivement \u00e0 assurer la souverainet\u00e9 sanitaire et alimentaire du continent, ainsi que le travail engag\u00e9 pour l\u2019acc\u00e9l\u00e9ration de l\u2019inclusion financi\u00e8re du continent, ou encore les projets visant \u00e0 renforcer la souverainet\u00e9 \u00e9nerg\u00e9tique du continent tel le m\u00e9gaprojet de Gazoduc entre le Nig\u00e9ria et le Maroc.<\/p>\n<p>Face \u00e0 la multiplicit\u00e9 des enjeux et des d\u00e9fis majeurs auxquels nous sommes d\u00e9sormais confront\u00e9s, il nous appartient, donc, de tout mettre en \u0153uvre pour acc\u00e9l\u00e9rer les d\u00e9marches volontaristes et concert\u00e9es en mati\u00e8re d\u2019investissement, pour r\u00e9pondre aux aspirations l\u00e9gitimes de nos peuples de mani\u00e8re durable.<\/p>\n<p>En somme une Afrique par les africains et une Afrique pour les africains.<\/p>\n<p>Nous vous renouvelons nos souhaits de bienvenue au Maroc et Nos v\u0153ux de plein succ\u00e8s dans vos travaux.<\/p>\n<p>Wassalamou alaikoum warahmatoullahi wabarakatouhou\u00a0\u00bb.<\/p>\n<p>The post <a rel=\"nofollow\" href=\"https:\/\/www.mapmarrakech.ma\/fr\/sm-le-roi-adresse-un-message-aux-participants-a-la-conference-de-lancement-du-forum-africain-des-investisseurs-souverains\/\">SM le Roi adresse un message aux participants \u00e0 la Conf\u00e9rence de lancement du Forum africain des investisseurs souverains<\/a> appeared first on <a rel=\"nofollow\" href=\"https:\/\/www.mapmarrakech.ma\/fr\">MapMarrakech<\/a>.<\/p>\n<\/div>\n<p>Auteur: Meriem IGASS<br \/>\n<a href=\"https:\/\/www.mapmarrakech.ma\/fr\/sm-le-roi-adresse-un-message-aux-participants-a-la-conference-de-lancement-du-forum-africain-des-investisseurs-souverains\/\">Cliquez ici pour lire l&rsquo;article depuis sa source.<\/a><\/p>\n","protected":false},"excerpt":{"rendered":"<p>Voici le texte int\u00e9gral du message Royal dont lecture a \u00e9t\u00e9 donn\u00e9e, lundi, par le ministre d\u00e9l\u00e9gu\u00e9 aupr\u00e8s du ministre de l\u2019Economie et des Finances, charg\u00e9 du Budget, M.\u00a0Faouzi Lekjaa. \u00a0 \u00ab\u00a0Louange \u00e0 Dieu. Paix et salut sur le Proph\u00e8te, Sa famille et Ses compagnons. \u00a0 Excellences, Mesdames, Messieurs, C\u2019est pour Nous un motif de [&hellip;]<\/p>\n","protected":false},"author":1788,"featured_media":0,"comment_status":"closed","ping_status":"closed","sticky":false,"template":"","format":"standard","meta":{"fifu_image_url":"https:\/\/www.mapmarrakech.ma\/map\/uploads\/2022\/02\/SM-le-Roi.jpg","fifu_image_alt":"SM le Roi adresse un message aux participants \u00e0 la Conf\u00e9rence de lancement du Forum africain des investisseurs souverains","footnotes":""},"categories":[54,76],"tags":[],"class_list":["post-150569","post","type-post","status-publish","format-standard","hentry","category-maroc","category-regions"],"_links":{"self":[{"href":"https:\/\/linitiative.ca\/International\/wp-json\/wp\/v2\/posts\/150569","targetHints":{"allow":["GET"]}}],"collection":[{"href":"https:\/\/linitiative.ca\/International\/wp-json\/wp\/v2\/posts"}],"about":[{"href":"https:\/\/linitiative.ca\/International\/wp-json\/wp\/v2\/types\/post"}],"author":[{"embeddable":true,"href":"https:\/\/linitiative.ca\/International\/wp-json\/wp\/v2\/users\/1788"}],"replies":[{"embeddable":true,"href":"https:\/\/linitiative.ca\/International\/wp-json\/wp\/v2\/comments?post=150569"}],"version-history":[{"count":0,"href":"https:\/\/linitiative.ca\/International\/wp-json\/wp\/v2\/posts\/150569\/revisions"}],"wp:attachment":[{"href":"https:\/\/linitiative.ca\/International\/wp-json\/wp\/v2\/media?parent=150569"}],"wp:term":[{"taxonomy":"category","embeddable":true,"href":"https:\/\/linitiative.ca\/International\/wp-json\/wp\/v2\/categories?post=150569"},{"taxonomy":"post_tag","embeddable":true,"href":"https:\/\/linitiative.ca\/International\/wp-json\/wp\/v2\/tags?post=150569"}],"curies":[{"name":"wp","href":"https:\/\/api.w.org\/{rel}","templated":true}]}}