{"id":150611,"date":"2022-06-20T15:15:09","date_gmt":"2022-06-20T19:15:09","guid":{"rendered":"https:\/\/linitiative.ca\/International\/mesures-gouvernementales-contre-la-vie-chere-il-faut-renforcer-le-controle-des-prix\/"},"modified":"2022-06-20T15:15:09","modified_gmt":"2022-06-20T19:15:09","slug":"mesures-gouvernementales-contre-la-vie-chere-il-faut-renforcer-le-controle-des-prix","status":"publish","type":"post","link":"https:\/\/linitiative.ca\/International\/mesures-gouvernementales-contre-la-vie-chere-il-faut-renforcer-le-controle-des-prix\/","title":{"rendered":"MESURES GOUVERNEMENTALES\u00a0 CONTRE LA VIE CHERE : Il faut renforcer le contr\u00f4le des prix\u00a0!"},"content":{"rendered":"<div>\n<p><img decoding=\"async\" width=\"1137\" height=\"636\" src=\"https:\/\/linitiative.ca\/International\/wp-content\/uploads\/sites\/23\/2022\/06\/lepaysresponsive-1.png\" class=\"attachment- default-featured-img\" alt=\"\" loading=\"lazy\" srcset=\"https:\/\/linitiative.ca\/International\/wp-content\/uploads\/sites\/23\/2022\/06\/lepaysresponsive-1.png 1137w, https:\/\/lepays.bf\/wp-content\/uploads\/2022\/05\/lepaysresponsive-1-300x168.png 300w, https:\/\/lepays.bf\/wp-content\/uploads\/2022\/05\/lepaysresponsive-1-1024x573.png 1024w, https:\/\/lepays.bf\/wp-content\/uploads\/2022\/05\/lepaysresponsive-1-150x84.png 150w, https:\/\/lepays.bf\/wp-content\/uploads\/2022\/05\/lepaysresponsive-1-768x430.png 768w\" sizes=\"auto, (max-width: 1137px) 100vw, 1137px\">14,3 milliards de F CFA\u00a0! Tel se chiffre l\u2019effort consenti par le gouvernement de la Transition en termes de baisse des recettes douani\u00e8res sur les prix des produits de premi\u00e8re n\u00e9cessit\u00e9 comme le sucre, l\u2019huile et le riz. L\u2019ambition est de faire en sorte que [\u2026]<\/p>\n<p>L\u2019article <a rel=\"nofollow\" href=\"https:\/\/lepays.bf\/mesures-gouvernementales-contre-la-vie-chere-il-faut-renforcer-le-controle-des-prix\/\">MESURES GOUVERNEMENTALES\u00a0 CONTRE LA VIE CHERE : Il faut renforcer le contr\u00f4le des prix\u00a0!<\/a> est apparu en premier sur <a rel=\"nofollow\" href=\"https:\/\/lepays.bf\/\">Editions Le Pays<\/a>.<\/p>\n<\/div>\n<p>Auteur: Editions LEPAYS<br \/>\n<a href=\"https:\/\/lepays.bf\/mesures-gouvernementales-contre-la-vie-chere-il-faut-renforcer-le-controle-des-prix\/\">Cliquez ici pour lire l&rsquo;article depuis sa source.<\/a><\/p>\n","protected":false},"excerpt":{"rendered":"<p>14,3 milliards de F CFA\u00a0! Tel se chiffre l\u2019effort consenti par le gouvernement de la Transition en termes de baisse des recettes douani\u00e8res sur les prix des produits de premi\u00e8re n\u00e9cessit\u00e9 comme le sucre, l\u2019huile et le riz. L\u2019ambition est de faire en sorte que [\u2026] L\u2019article MESURES GOUVERNEMENTALES\u00a0 CONTRE LA VIE CHERE : Il [&hellip;]<\/p>\n","protected":false},"author":1813,"featured_media":0,"comment_status":"closed","ping_status":"closed","sticky":false,"template":"","format":"standard","meta":{"fifu_image_url":"https:\/\/lepays.bf\/wp-content\/uploads\/2022\/05\/lepaysresponsive-1.png","fifu_image_alt":"MESURES GOUVERNEMENTALES\u00a0 CONTRE LA VIE CHERE : Il faut renforcer le contr\u00f4le des prix\u00a0!","footnotes":""},"categories":[73,81],"tags":[],"class_list":["post-150611","post","type-post","status-publish","format-standard","hentry","category-actualite","category-burkina-faso"],"_links":{"self":[{"href":"https:\/\/linitiative.ca\/International\/wp-json\/wp\/v2\/posts\/150611","targetHints":{"allow":["GET"]}}],"collection":[{"href":"https:\/\/linitiative.ca\/International\/wp-json\/wp\/v2\/posts"}],"about":[{"href":"https:\/\/linitiative.ca\/International\/wp-json\/wp\/v2\/types\/post"}],"author":[{"embeddable":true,"href":"https:\/\/linitiative.ca\/International\/wp-json\/wp\/v2\/users\/1813"}],"replies":[{"embeddable":true,"href":"https:\/\/linitiative.ca\/International\/wp-json\/wp\/v2\/comments?post=150611"}],"version-history":[{"count":0,"href":"https:\/\/linitiative.ca\/International\/wp-json\/wp\/v2\/posts\/150611\/revisions"}],"wp:attachment":[{"href":"https:\/\/linitiative.ca\/International\/wp-json\/wp\/v2\/media?parent=150611"}],"wp:term":[{"taxonomy":"category","embeddable":true,"href":"https:\/\/linitiative.ca\/International\/wp-json\/wp\/v2\/categories?post=150611"},{"taxonomy":"post_tag","embeddable":true,"href":"https:\/\/linitiative.ca\/International\/wp-json\/wp\/v2\/tags?post=150611"}],"curies":[{"name":"wp","href":"https:\/\/api.w.org\/{rel}","templated":true}]}}