{"id":150619,"date":"2022-06-20T08:50:22","date_gmt":"2022-06-20T12:50:22","guid":{"rendered":"https:\/\/linitiative.ca\/International\/situation-securitaire-le-president-du-faso-reunit-le-conseil-superieur-de-la-defense-nationale\/"},"modified":"2022-06-20T08:50:22","modified_gmt":"2022-06-20T12:50:22","slug":"situation-securitaire-le-president-du-faso-reunit-le-conseil-superieur-de-la-defense-nationale","status":"publish","type":"post","link":"https:\/\/linitiative.ca\/International\/situation-securitaire-le-president-du-faso-reunit-le-conseil-superieur-de-la-defense-nationale\/","title":{"rendered":"Situation s\u00e9curitaire\u00a0: le pr\u00e9sident du Faso r\u00e9unit le conseil sup\u00e9rieur de la d\u00e9fense nationale"},"content":{"rendered":"<div>\n<p>Le chef supr\u00eame des arm\u00e9es, le pr\u00e9sident Paul Henri Sandaogo Damiba entend d\u00e9cliner de nouvelles orientations \u00e0 la hi\u00e9rarchie militaire pour une optimisation des actions des diff\u00e9rentes unit\u00e9s combattantes sur le terrain, apprend-on de la Direction de la communication et des relations presse (DCRP) de la pr\u00e9sidence du Faso.<\/p>\n<p>Le chef de l\u2019Etat a en effet r\u00e9uni le Conseil sup\u00e9rieur de la d\u00e9fense nationale (CSDN) ce lundi 20 juin 2022 \u00ab\u00a0autour de la situation s\u00e9curitaire, toujours pr\u00e9occupante dans notre pays, en d\u00e9pit des efforts d\u00e9ploy\u00e9s par les Forces de d\u00e9fense et de s\u00e9curit\u00e9 sur le terrain de la lutte contre le terrorisme\u00a0\u00bb.<\/p>\n<p>Il s\u2019agira de passer en revue la situation de la menace terroriste dans le pays afin de mieux r\u00e9orienter les r\u00e9ponses idoines sur le terrain pour plus de r\u00e9sultats dans les op\u00e9rations de s\u00e9curisation et de reconqu\u00eate du territoire national, indique la DCRP.<\/p>\n<p>\u00ab\u00a0La rencontre du CSDN va, \u00e0 l\u2019aune du bilan de la mise en \u0153uvre des orientations et instructions adopt\u00e9es lors de la session du 15 avril 2022, faire des propositions d\u2019actions fortes dont le d\u00e9roulement va sans doute contribuer \u00e0 l\u2019am\u00e9lioration de la situation s\u00e9curitaire au Burkina Faso\u00a0\u00bb, pr\u00e9cise le service Communication de la pr\u00e9sidence.<\/p>\n<p>Sidwaya.info<\/p>\n<p>Source\u00a0: DCRP pr\u00e9sidence du Faso<\/p>\n<\/div>\n<p>Auteur: Wamini SIDWAYA<br \/>\n<a href=\"https:\/\/www.sidwaya.info\/blog\/2022\/06\/20\/situation-securitaire-le-president-du-faso-reunit-le-conseil-superieur-de-la-defense-nationale\/\">Cliquez ici pour lire l&rsquo;article depuis sa source.<\/a><\/p>\n","protected":false},"excerpt":{"rendered":"<p>Le chef supr\u00eame des arm\u00e9es, le pr\u00e9sident Paul Henri Sandaogo Damiba entend d\u00e9cliner de nouvelles orientations \u00e0 la hi\u00e9rarchie militaire pour une optimisation des actions des diff\u00e9rentes unit\u00e9s combattantes sur le terrain, apprend-on de la Direction de la communication et des relations presse (DCRP) de la pr\u00e9sidence du Faso. Le chef de l\u2019Etat a en [&hellip;]<\/p>\n","protected":false},"author":1816,"featured_media":0,"comment_status":"closed","ping_status":"closed","sticky":false,"template":"","format":"standard","meta":{"fifu_image_url":"","fifu_image_alt":"","footnotes":""},"categories":[73,81],"tags":[],"class_list":["post-150619","post","type-post","status-publish","format-standard","hentry","category-actualite","category-burkina-faso"],"_links":{"self":[{"href":"https:\/\/linitiative.ca\/International\/wp-json\/wp\/v2\/posts\/150619","targetHints":{"allow":["GET"]}}],"collection":[{"href":"https:\/\/linitiative.ca\/International\/wp-json\/wp\/v2\/posts"}],"about":[{"href":"https:\/\/linitiative.ca\/International\/wp-json\/wp\/v2\/types\/post"}],"author":[{"embeddable":true,"href":"https:\/\/linitiative.ca\/International\/wp-json\/wp\/v2\/users\/1816"}],"replies":[{"embeddable":true,"href":"https:\/\/linitiative.ca\/International\/wp-json\/wp\/v2\/comments?post=150619"}],"version-history":[{"count":0,"href":"https:\/\/linitiative.ca\/International\/wp-json\/wp\/v2\/posts\/150619\/revisions"}],"wp:attachment":[{"href":"https:\/\/linitiative.ca\/International\/wp-json\/wp\/v2\/media?parent=150619"}],"wp:term":[{"taxonomy":"category","embeddable":true,"href":"https:\/\/linitiative.ca\/International\/wp-json\/wp\/v2\/categories?post=150619"},{"taxonomy":"post_tag","embeddable":true,"href":"https:\/\/linitiative.ca\/International\/wp-json\/wp\/v2\/tags?post=150619"}],"curies":[{"name":"wp","href":"https:\/\/api.w.org\/{rel}","templated":true}]}}