{"id":150620,"date":"2022-06-20T12:14:45","date_gmt":"2022-06-20T16:14:45","guid":{"rendered":"https:\/\/linitiative.ca\/International\/journee-mondiale-des-refugies-les-organisations-humanitaires-alertent-sur-une-baisse-des-financements-au-plan-mondial\/"},"modified":"2022-06-20T12:14:45","modified_gmt":"2022-06-20T16:14:45","slug":"journee-mondiale-des-refugies-les-organisations-humanitaires-alertent-sur-une-baisse-des-financements-au-plan-mondial","status":"publish","type":"post","link":"https:\/\/linitiative.ca\/International\/journee-mondiale-des-refugies-les-organisations-humanitaires-alertent-sur-une-baisse-des-financements-au-plan-mondial\/","title":{"rendered":"Journ\u00e9e mondiale des r\u00e9fugi\u00e9s\u00a0: les organisations humanitaires alertent sur une baisse des financements au plan mondial"},"content":{"rendered":"<div>\n<p>La situation est mondiale mais l\u2019Afrique, continent o\u00f9 les besoins humanitaires sont les plus \u00e9lev\u00e9s dans le monde, est la plus impact\u00e9e.<\/p>\n<p>Hier 19 juin, veille de la journ\u00e9e mondiale des refugi\u00e9s, le Programme alimentaire mondial (PAM) tirait la sonnette d\u2019alarme. L\u2019organisation a besoin de 426 millions de dollars pour pouvoir r\u00e9pondre aux besoins des r\u00e9fugi\u00e9s. Par manque de financements, l\u2019aide distribu\u00e9e en Afrique sera r\u00e9duite, pr\u00e9vient le directeur ex\u00e9cutif du PAM.<\/p>\n<p>D\u00e9j\u00e0, les trois quarts des r\u00e9fugi\u00e9s soutenus par le PAM en Afrique de l\u2019Est notamment en \u00c9thiopie, au Kenya, au Soudan du Sud et en Ouganda ont vu leurs rations r\u00e9duites de moiti\u00e9.<\/p>\n<p>La rationalisation est imminente aussi en Afrique de l\u2019Ouest, avec une r\u00e9duction \u00ab significative \u00bb annonc\u00e9e des rations aux r\u00e9fugi\u00e9s burkinab\u00e8, nig\u00e9riens, mauritaniens ou encore maliens.<\/p>\n<p>\u00ab Les r\u00e9fugi\u00e9s d\u00e9pendent de nous pour leur survie, mais les ressources disponibles ne peuvent pas suivre la demande croissante de nourriture dans le monde. \u00bb, a expliqu\u00e9 le directeur ex\u00e9cutif du PAM.<\/p>\n<p>D\u00e9j\u00e0 en avril dernier face aux difficult\u00e9s des organisations humanitaires \u00e0 r\u00e9pondre aux sollicitations, le Premier ministre burkinab\u00e8, Alfred Ou\u00e9draogo les invitait \u00e0 ne pas abandonner les Burkina Faso.<\/p>\n<p><strong>Sidwaya.info<\/strong><\/p>\n<p><strong>Source\u00a0: rfi.fr<\/strong><\/p>\n<\/div>\n<p>Auteur: Wamini SIDWAYA<br \/>\n<a href=\"https:\/\/www.sidwaya.info\/blog\/2022\/06\/20\/journee-mondiale-des-refugies-les-organisations-humanitaires-alertent-sur-une-baisse-des-financements-au-plan-mondial\/\">Cliquez ici pour lire l&rsquo;article depuis sa source.<\/a><\/p>\n","protected":false},"excerpt":{"rendered":"<p>La situation est mondiale mais l\u2019Afrique, continent o\u00f9 les besoins humanitaires sont les plus \u00e9lev\u00e9s dans le monde, est la plus impact\u00e9e. Hier 19 juin, veille de la journ\u00e9e mondiale des refugi\u00e9s, le Programme alimentaire mondial (PAM) tirait la sonnette d\u2019alarme. L\u2019organisation a besoin de 426 millions de dollars pour pouvoir r\u00e9pondre aux besoins des [&hellip;]<\/p>\n","protected":false},"author":1816,"featured_media":0,"comment_status":"closed","ping_status":"closed","sticky":false,"template":"","format":"standard","meta":{"fifu_image_url":"","fifu_image_alt":"","footnotes":""},"categories":[73,81],"tags":[],"class_list":["post-150620","post","type-post","status-publish","format-standard","hentry","category-actualite","category-burkina-faso"],"_links":{"self":[{"href":"https:\/\/linitiative.ca\/International\/wp-json\/wp\/v2\/posts\/150620","targetHints":{"allow":["GET"]}}],"collection":[{"href":"https:\/\/linitiative.ca\/International\/wp-json\/wp\/v2\/posts"}],"about":[{"href":"https:\/\/linitiative.ca\/International\/wp-json\/wp\/v2\/types\/post"}],"author":[{"embeddable":true,"href":"https:\/\/linitiative.ca\/International\/wp-json\/wp\/v2\/users\/1816"}],"replies":[{"embeddable":true,"href":"https:\/\/linitiative.ca\/International\/wp-json\/wp\/v2\/comments?post=150620"}],"version-history":[{"count":0,"href":"https:\/\/linitiative.ca\/International\/wp-json\/wp\/v2\/posts\/150620\/revisions"}],"wp:attachment":[{"href":"https:\/\/linitiative.ca\/International\/wp-json\/wp\/v2\/media?parent=150620"}],"wp:term":[{"taxonomy":"category","embeddable":true,"href":"https:\/\/linitiative.ca\/International\/wp-json\/wp\/v2\/categories?post=150620"},{"taxonomy":"post_tag","embeddable":true,"href":"https:\/\/linitiative.ca\/International\/wp-json\/wp\/v2\/tags?post=150620"}],"curies":[{"name":"wp","href":"https:\/\/api.w.org\/{rel}","templated":true}]}}