{"id":150621,"date":"2022-06-20T12:38:52","date_gmt":"2022-06-20T16:38:52","guid":{"rendered":"https:\/\/linitiative.ca\/International\/surveillance-epidemiologique-en-afrique-de-louest-le-comite-evalue-les-progres\/"},"modified":"2022-06-20T12:38:52","modified_gmt":"2022-06-20T16:38:52","slug":"surveillance-epidemiologique-en-afrique-de-louest-le-comite-evalue-les-progres","status":"publish","type":"post","link":"https:\/\/linitiative.ca\/International\/surveillance-epidemiologique-en-afrique-de-louest-le-comite-evalue-les-progres\/","title":{"rendered":"Surveillance \u00e9pid\u00e9miologique en Afrique de l\u2019Ouest\u00a0: Le comit\u00e9 \u00e9value les progr\u00e8s"},"content":{"rendered":"<div>\n<p><strong>Les membres du comit\u00e9 de pilotage du Projet de renforcement de la surveillance \u00e9pid\u00e9miologique et des syst\u00e8mes de laboratoire en Afrique de l\u2019Ouest (PROALAB) se sont r\u00e9unis, le lundi 20 juin 2022 \u00e0 Ouagadougou dans le cadre de sa deuxi\u00e8me r\u00e9union en vue d\u2019\u00e9valuer les progr\u00e8s r\u00e9alis\u00e9s dans la mise en \u0153uvre dudit projet.<\/strong><\/p>\n<p><strong>\u00a0<\/strong>L\u2019\u00e9pid\u00e9mie de la malade \u00e0 virus Ebola de 2014-2016 a mis \u00e0 nu la faiblesse des syst\u00e8mes de surveillance \u00e9pid\u00e9miologique dans\u00a0 l\u2019ensemble du syst\u00e8me sanitaire des pays de l\u2019Afrique de l\u2019Ouest. En vue d\u2019assurer une meilleure protection des populations contre les maladies \u00e9pid\u00e9miques sur le plan r\u00e9gional en renfor\u00e7ant le d\u00e9veloppement durable des structures et les capacit\u00e9s qui permettront d\u2019identification rapide des foyers de maladies infectieuses dans la r\u00e9gion de la CEDEAO, un projet d\u00e9nomm\u00e9\u00a0: <em>\u00ab\u00a0projet de renforcement de la surveillance \u00e9pid\u00e9miologique et des syst\u00e8mes de laboratoire en Afrique de l\u2019Ouest\u00a0\u00bb <\/em>(PROALAB) a \u00e9t\u00e9 mis en place en 2018.<\/p>\n<p>Ce lundi 20 juin 2022, le comit\u00e9 de pilotage dudit projet s\u2019est r\u00e9uni pour examiner la mise en \u0153uvre du projet, d\u00e9terminer les goulots d\u2019\u00e9tranglement rencontr\u00e9, trouver des solutions \u00e0 ces difficult\u00e9s et dans la mesure du possible prodiguer des conseils pour mieux orienter et acc\u00e9l\u00e9rer sa mise en \u0153uvre. Selon le directeur par int\u00e9rim du d\u00e9partement de sant\u00e9 publique \u00e0 l\u2019organisation ouest africaine de la sant\u00e9, Issaka Sombi\u00e9, apr\u00e8s quelques ann\u00e9es d\u2019ex\u00e9cution, le bilan est satisfaisant. <em>\u00ab\u00a0On a pris des laboratoires que l\u2019on a mis dans un syst\u00e8me d\u2019assurance qualit\u00e9 et ces laboratoires vont \u00eatre examin\u00e9es r\u00e9guli\u00e8rement pour voir, est-ce que celle-ci sont dans la qualit\u00e9. Actuellement, onze laboratoires sont dans le syst\u00e8me et on a quatre qui sont presqu\u2019au haut niveau\u00a0\u00bb<\/em>, a indiqu\u00e9 M. Sombi\u00e9.<\/p>\n<p>Il pr\u00e9cis\u00e9 que ces laboratoires sont situ\u00e9s au niveau du Nig\u00e9ria, du Ghana et du S\u00e9n\u00e9gal. Mais, il a assur\u00e9 que les autres laboratoires, m\u00eame s\u2019ils n\u2019ont pas atteint le top niveau, ils ont progress\u00e9. Cependant, <em>\u00ab\u00a0le progr\u00e8s prend du temps et cela n\u00e9cessite d\u2019avoir des infrastructures de qualit\u00e9, des gens bien form\u00e9s, toute la documentation n\u00e9cessaire et enfin une organisation en place\u00a0\u00bb<\/em>, a-t-il expliqu\u00e9.<\/p>\n<figure id=\"attachment_51181\" aria-describedby=\"caption-attachment-51181\" style=\"width: 640px\" class=\"wp-caption alignnone\"><img loading=\"lazy\" decoding=\"async\" data-attachment-id=\"51181\" data-permalink=\"https:\/\/www.sidwaya.info\/blog\/2022\/06\/20\/surveillance-epidemiologique-en-afrique-de-louest-le-comite-evalue-les-progres\/ph-2-11\/\" data-orig-file=\"https:\/\/linitiative.ca\/International\/wp-content\/uploads\/sites\/23\/2022\/06\/ph-2.jpeg\" data-orig-size=\"640,480\" data-comments-opened=\"1\" data-image-meta='{\"aperture\":\"0\",\"credit\":\"\",\"camera\":\"\",\"caption\":\"\",\"created_timestamp\":\"0\",\"copyright\":\"\",\"focal_length\":\"0\",\"iso\":\"0\",\"shutter_speed\":\"0\",\"title\":\"\",\"orientation\":\"0\"}' data-image-title=\"ph 2\" data-image-description=\"\" data-image-caption=\"&lt;p&gt;L\u2019ensemble des pays \u00e9taient repr\u00e9sent\u00e9s \u00e0 cette deuxi\u00e8me r\u00e9union. &lt;\/p&gt;\n\" data-medium-file=\"https:\/\/www.sidwaya.info\/wp-content\/uploads\/2022\/06\/ph-2-300x225.jpeg\" data-large-file=\"https:\/\/linitiative.ca\/International\/wp-content\/uploads\/sites\/23\/2022\/06\/ph-2.jpeg\" class=\"size-full wp-image-51181\" src=\"https:\/\/linitiative.ca\/International\/wp-content\/uploads\/sites\/23\/2022\/06\/ph-2.jpeg\" alt=\"\" width=\"640\" height=\"480\" srcset=\"https:\/\/linitiative.ca\/International\/wp-content\/uploads\/sites\/23\/2022\/06\/ph-2.jpeg 640w, https:\/\/www.sidwaya.info\/wp-content\/uploads\/2022\/06\/ph-2-300x225.jpeg 300w, https:\/\/www.sidwaya.info\/wp-content\/uploads\/2022\/06\/ph-2-150x113.jpeg 150w, https:\/\/www.sidwaya.info\/wp-content\/uploads\/2022\/06\/ph-2-560x420.jpeg 560w, https:\/\/www.sidwaya.info\/wp-content\/uploads\/2022\/06\/ph-2-80x60.jpeg 80w, https:\/\/www.sidwaya.info\/wp-content\/uploads\/2022\/06\/ph-2-265x198.jpeg 265w\" sizes=\"auto, (max-width: 640px) 100vw, 640px\"><figcaption id=\"caption-attachment-51181\" class=\"wp-caption-text\">L\u2019ensemble des pays \u00e9taient repr\u00e9sent\u00e9s \u00e0 cette deuxi\u00e8me r\u00e9union.<\/figcaption><\/figure>\n<p>Financ\u00e9 \u00e0 hauteur de dix millions d\u2019Euro (soit environ 6 milliards 500 millions F CFA) par la Banque allemande de d\u00e9veloppement (KFW) et la Communaut\u00e9 \u00e9conomique des Etats de l\u2019Afrique de Ouest (CEDEAO), ce projet prend actuellement en compte dix pays dont le Burkina Faso, la C\u00f4te d\u2019Ivoire, la Gambie, du Ghana, la Guin\u00e9e, la Guin\u00e9e Bissau, le Niger, le Nig\u00e9ria et le S\u00e9n\u00e9gal.<\/p>\n<p>Pour la repr\u00e9sentante de la KFW, Anna Haehnel, sa structure se tiendra toujours aux c\u00f4t\u00e9s des pays en vue de les appuyer en \u00e9quipements, en r\u00e9novation, en formation professionnelle afin que les laboratoires puissent atteindre leur niveau de professionnalisme. Et, <em>\u00ab\u00a0\u00e7a va les aider \u00e0 travers un syst\u00e8me d\u2019audit mise en place par l\u2019organisation mondiale de la sant\u00e9\u00a0\u00bb<\/em>, a-t-elle avou\u00e9. Ainsi, pour esp\u00e9rer avoir des laboratoires le haut niveau, Mme Haehnel a conseill\u00e9 aux pays de prendre en compte l\u2019ensemble des sp\u00e9cificit\u00e9s de chaque laboratoire dans la mise en \u0153uvre.<\/p>\n<p><strong>Donald Wendpouir\u00e9 NIKIEMA<\/strong><\/p>\n<p><a href=\"mailto:tousunis.do@gmail.com\"><strong>tousunis.do@gmail.com<\/strong><\/a><\/p>\n<\/div>\n<p>Auteur: Wamini SIDWAYA<br \/>\n<a href=\"https:\/\/www.sidwaya.info\/blog\/2022\/06\/20\/surveillance-epidemiologique-en-afrique-de-louest-le-comite-evalue-les-progres\/\">Cliquez ici pour lire l&rsquo;article depuis sa source.<\/a><\/p>\n","protected":false},"excerpt":{"rendered":"<p>Les membres du comit\u00e9 de pilotage du Projet de renforcement de la surveillance \u00e9pid\u00e9miologique et des syst\u00e8mes de laboratoire en Afrique de l\u2019Ouest (PROALAB) se sont r\u00e9unis, le lundi 20 juin 2022 \u00e0 Ouagadougou dans le cadre de sa deuxi\u00e8me r\u00e9union en vue d\u2019\u00e9valuer les progr\u00e8s r\u00e9alis\u00e9s dans la mise en \u0153uvre dudit projet. \u00a0L\u2019\u00e9pid\u00e9mie [&hellip;]<\/p>\n","protected":false},"author":1816,"featured_media":0,"comment_status":"closed","ping_status":"closed","sticky":false,"template":"","format":"standard","meta":{"fifu_image_url":"https:\/\/www.sidwaya.info\/wp-content\/uploads\/2022\/06\/ph-2.jpeg","fifu_image_alt":"Surveillance \u00e9pid\u00e9miologique en Afrique de l\u2019Ouest\u00a0: Le comit\u00e9 \u00e9value les progr\u00e8s","footnotes":""},"categories":[73,81],"tags":[],"class_list":["post-150621","post","type-post","status-publish","format-standard","hentry","category-actualite","category-burkina-faso"],"_links":{"self":[{"href":"https:\/\/linitiative.ca\/International\/wp-json\/wp\/v2\/posts\/150621","targetHints":{"allow":["GET"]}}],"collection":[{"href":"https:\/\/linitiative.ca\/International\/wp-json\/wp\/v2\/posts"}],"about":[{"href":"https:\/\/linitiative.ca\/International\/wp-json\/wp\/v2\/types\/post"}],"author":[{"embeddable":true,"href":"https:\/\/linitiative.ca\/International\/wp-json\/wp\/v2\/users\/1816"}],"replies":[{"embeddable":true,"href":"https:\/\/linitiative.ca\/International\/wp-json\/wp\/v2\/comments?post=150621"}],"version-history":[{"count":0,"href":"https:\/\/linitiative.ca\/International\/wp-json\/wp\/v2\/posts\/150621\/revisions"}],"wp:attachment":[{"href":"https:\/\/linitiative.ca\/International\/wp-json\/wp\/v2\/media?parent=150621"}],"wp:term":[{"taxonomy":"category","embeddable":true,"href":"https:\/\/linitiative.ca\/International\/wp-json\/wp\/v2\/categories?post=150621"},{"taxonomy":"post_tag","embeddable":true,"href":"https:\/\/linitiative.ca\/International\/wp-json\/wp\/v2\/tags?post=150621"}],"curies":[{"name":"wp","href":"https:\/\/api.w.org\/{rel}","templated":true}]}}