{"id":150624,"date":"2022-06-20T17:39:49","date_gmt":"2022-06-20T21:39:49","guid":{"rendered":"https:\/\/linitiative.ca\/International\/developpement-des-entreprises-300-participants-attendus-au-7e-forum-dafricalia\/"},"modified":"2022-06-20T17:39:49","modified_gmt":"2022-06-20T21:39:49","slug":"developpement-des-entreprises-300-participants-attendus-au-7e-forum-dafricalia","status":"publish","type":"post","link":"https:\/\/linitiative.ca\/International\/developpement-des-entreprises-300-participants-attendus-au-7e-forum-dafricalia\/","title":{"rendered":"D\u00e9veloppement des entreprises : 300 participants attendus au 7e forum d\u2019Africalia"},"content":{"rendered":"<div>\n<p><strong>La Chambre de commerce et d\u2019industrie du Burkina Faso (CCI-BF) a tenu une conf\u00e9rence de presse, le vendredi 17 juin 2022 \u00e0 Ouagadougou, pour annoncer la couleur de la VIIe \u00e9dition d\u2019Africallia. Ce forum de 2022 se d\u00e9roulera, du 19 au 21 octobre 2022, \u00e0 Ouagadougou.<\/strong><\/p>\n<p>Le comit\u00e9 de pilotage de la VIIe \u00e9dition d\u2019Africallia a convi\u00e9 les hommes de m\u00e9dias \u00e0 un point de presse, le vendredi 17 juin 2022 au si\u00e8ge de la CCI-BF, pour des informations relatives \u00e0 la tenue de cette \u00e9dition. Le Secr\u00e9taire permanent d\u2019Africallia, F\u00e9lix Sanou, s\u2019est entretenu avec les journalistes sur l\u2019organisation du forum ouest-africain de d\u00e9veloppement des entreprises.<\/p>\n<p>Africallia, pour r\u00e9pondre \u00e0 sa vocation de forum d\u2019affaires itin\u00e9rant dans la sous-r\u00e9gion ouest- africaine, s\u2019est d\u00e9localis\u00e9 pour la premi\u00e8re fois en 2019, en R\u00e9publique de C\u00f4te d\u2019Ivoire. En raison de la pand\u00e9mie de la COVID -19 et des mesures qui ont suivi, le forum n\u2019a pas pu se tenir en 2020. Toutefois, le comit\u00e9 d\u2019organisation de l\u2019\u00e9dition 2022 est \u00e0 pied d\u2019\u0153uvre pour permettre aux hommes et femmes d\u2019affaires de tirer le meilleur parti de la VIIe \u00e9dition qui se d\u00e9roulera, du 19 au 21 octobre 2022, \u00e0 Ouagadougou.<\/p>\n<p>Africallia est un forum dont le concept est unique et original, selon les organisateurs, en ce sens qu\u2019il est r\u00e9serv\u00e9 aux professionnels d\u2019entreprises. Il se distingue des salons classiques en proposant \u00e0 ses participants, un planning comprenant au maximum 15 rendez-vous personnalis\u00e9s d\u2019une demi-heure.<\/p>\n<h3>Des innovations au rendez-vous<\/h3>\n<p>Le participant a l\u2019occasion de s\u00e9lectionner \u00e0 partir d\u2019un catalogue de participants, les chefs d\u2019entreprises avec lesquels il souhaite parler d\u2019affaires. Outre les rencontres B 2 B, le forum int\u00e8gre un concept original de villages.<\/p>\n<p>Tr\u00e8s appr\u00e9ci\u00e9s des participants, ces villages permettent de faire connaissance et ouvrent la porte \u00e0 de nombreuses autres opportunit\u00e9s. Il s\u2019agit du village des participants, celui des experts et le village international. Ce forum international permet aux dirigeants et chefs d\u2019entreprise de faire le tour du monde en 48 heures en un seul lieu pour rechercher des alliances technologiques, commerciales ou financi\u00e8res. Selon M. Sanou, les conditions de participation sont particuli\u00e8res pour les jeunes de 35 ans maximum et les femmes, chefs d\u2019entreprise.<\/p>\n<p>\u00ab En plus, la CCI-BF prend en charge 50% des frais d\u2019inscription de 50 jeunes chefs d\u2019entreprise et 50 femmes \u00bb, a-t-il ajout\u00e9. Selon le directeur de l\u2019information et de la communication de la CCI-BF, Gilbert Ou\u00e9draogo, un certain nombre d\u2019innovations est pr\u00e9vu \u00e0 cette \u00e9dition 2022. Africallia est ouvert \u00e0 tous les pays du monde. Pour cette \u00e9dition, un focus sera fait sur la R\u00e9publique populaire de Chine, la Russie, la Turquie et sur les diasporas d\u2019affaires.<\/p>\n<p>Les communications th\u00e9matiques porteront sur la construction du march\u00e9 commun africain \u00e0 travers la Zone de libre-\u00e9change continentale africaine (ZLECAf), les financements internationaux des projets priv\u00e9s et les grands projets structurants de l\u2019UEMOA. Une autre innovation majeure de cette \u00e9dition sera l\u2019organisation d\u2019un mini-forum d\u00e9di\u00e9 aux chambres de commerce membres de la chambre consulaire r\u00e9gionale de l\u2019UEMOA.<\/p>\n<h3>R\u00e9ussir \u00e0 tout prix l\u2019\u00e9dition<\/h3>\n<p>Ce mini-forum sera l\u2019occasion pour la communaut\u00e9 des affaires ouest-africaines de tisser des liens plus pouss\u00e9s et poser les bases de l\u2019\u00e9mergence de co-entreprises r\u00e9gionales. Africallia 2022 sera \u00e9galement l\u2019occasion, pour la CCI-BF, d\u2019\u00e9tendre son r\u00e9seau de partenaires \u00e0 travers la signature de conventions bilat\u00e9rales de coop\u00e9ration avec des Chambres de commerce et d\u2019industrie s\u0153urs telles que celles du Niger, du Togo, du Mali, de la Guin\u00e9e-Bissau et l\u2019Union des chambres de commerce de la Turquie.<\/p>\n<p>La journ\u00e9e du mercredi 19 octobre est r\u00e9serv\u00e9e \u00e0 l\u2019accueil des d\u00e9l\u00e9gations \u00e9trang\u00e8res, la remise des dossiers, des badges, le planning des rendez-vous, le catalogue des participants et un cocktail d\u2019accueil. Les organisateurs ont tenu \u00e0 rassurer les journalistes et les chefs d\u2019entreprise qu\u2019en d\u00e9pit du contexte sanitaire et s\u00e9curitaire, la capitale du pays des Hommes int\u00e8gres a toujours abrit\u00e9 d\u2019importants \u00e9v\u00e8nements et d\u2019autres sont en vue pour cette ann\u00e9e. Ils ont aussi rappel\u00e9 aux hommes de m\u00e9dia que la maladie \u00e0 coronavirus n\u2019est pas \u00e9radiqu\u00e9e. Pour cela, le comit\u00e9 a pris toutes les dispositions utiles afin que la VIIe \u00e9dition se d\u00e9roule dans de bonnes conditions sanitaires et s\u00e9curitaires.<\/p>\n<p>L\u2019acc\u00e8s aux diff\u00e9rents sites restera conditionn\u00e9 \u00e0 la pr\u00e9sentation d\u2019un pass vaccinal anti-COVID-19 ou d\u2019un test PCR n\u00e9gatif. Apr\u00e8s leur expos\u00e9, ils se sont pr\u00eat\u00e9s aux diff\u00e9rentes questions des journalistes. A la question sur les crit\u00e8res de s\u00e9lection des 50 jeunes et 50 femmes qui vont b\u00e9n\u00e9ficier de l\u2019aide de la CCI-BF, M. Sanou a rassur\u00e9 qu\u2019en plus d\u2019autres crit\u00e8res, la s\u00e9lection tiendra compte du poids \u00e9conomique des r\u00e9gions. Au moins 300 participants venant d\u2019une quinzaine de pays sont attendus \u00e0 Ouagadougou.<\/p>\n<p style=\"text-align: right\"><strong>Adama de Maliki <\/strong><\/p>\n<p style=\"text-align: right\">malikadams020@gmail.com<\/p>\n<\/div>\n<p>Auteur: JK. Sidwaya<br \/>\n<a href=\"https:\/\/www.sidwaya.info\/blog\/2022\/06\/20\/developpement-des-entreprises-300-participants-attendus-au-7e-forum-dafricalia\/\">Cliquez ici pour lire l&rsquo;article depuis sa source.<\/a><\/p>\n","protected":false},"excerpt":{"rendered":"<p>La Chambre de commerce et d\u2019industrie du Burkina Faso (CCI-BF) a tenu une conf\u00e9rence de presse, le vendredi 17 juin 2022 \u00e0 Ouagadougou, pour annoncer la couleur de la VIIe \u00e9dition d\u2019Africallia. Ce forum de 2022 se d\u00e9roulera, du 19 au 21 octobre 2022, \u00e0 Ouagadougou. Le comit\u00e9 de pilotage de la VIIe \u00e9dition d\u2019Africallia [&hellip;]<\/p>\n","protected":false},"author":1816,"featured_media":0,"comment_status":"closed","ping_status":"closed","sticky":false,"template":"","format":"standard","meta":{"fifu_image_url":"","fifu_image_alt":"","footnotes":""},"categories":[73,81],"tags":[],"class_list":["post-150624","post","type-post","status-publish","format-standard","hentry","category-actualite","category-burkina-faso"],"_links":{"self":[{"href":"https:\/\/linitiative.ca\/International\/wp-json\/wp\/v2\/posts\/150624","targetHints":{"allow":["GET"]}}],"collection":[{"href":"https:\/\/linitiative.ca\/International\/wp-json\/wp\/v2\/posts"}],"about":[{"href":"https:\/\/linitiative.ca\/International\/wp-json\/wp\/v2\/types\/post"}],"author":[{"embeddable":true,"href":"https:\/\/linitiative.ca\/International\/wp-json\/wp\/v2\/users\/1816"}],"replies":[{"embeddable":true,"href":"https:\/\/linitiative.ca\/International\/wp-json\/wp\/v2\/comments?post=150624"}],"version-history":[{"count":0,"href":"https:\/\/linitiative.ca\/International\/wp-json\/wp\/v2\/posts\/150624\/revisions"}],"wp:attachment":[{"href":"https:\/\/linitiative.ca\/International\/wp-json\/wp\/v2\/media?parent=150624"}],"wp:term":[{"taxonomy":"category","embeddable":true,"href":"https:\/\/linitiative.ca\/International\/wp-json\/wp\/v2\/categories?post=150624"},{"taxonomy":"post_tag","embeddable":true,"href":"https:\/\/linitiative.ca\/International\/wp-json\/wp\/v2\/tags?post=150624"}],"curies":[{"name":"wp","href":"https:\/\/api.w.org\/{rel}","templated":true}]}}