{"id":150629,"date":"2022-06-20T12:55:21","date_gmt":"2022-06-20T16:55:21","guid":{"rendered":"https:\/\/linitiative.ca\/International\/ordre-des-avocats-du-cameroun-me-mbah-eric-mbah-est-le-nouveau-batonnier\/"},"modified":"2022-06-20T12:55:21","modified_gmt":"2022-06-20T16:55:21","slug":"ordre-des-avocats-du-cameroun-me-mbah-eric-mbah-est-le-nouveau-batonnier","status":"publish","type":"post","link":"https:\/\/linitiative.ca\/International\/ordre-des-avocats-du-cameroun-me-mbah-eric-mbah-est-le-nouveau-batonnier\/","title":{"rendered":"Ordre des avocats du Cameroun : Me Mbah Eric Mbah est le nouveau b\u00e2tonnier"},"content":{"rendered":"<div>\n<p><img decoding=\"async\" width=\"720\" height=\"768\" src=\"https:\/\/linitiative.ca\/International\/wp-content\/uploads\/sites\/23\/2022\/06\/Me-MBAH-ERIC-MBAH.jpg\" class=\"attachment-post-thumbnail size-post-thumbnail wp-post-image\" alt=\"Me Mbah Eric Mbah est le nouveau b\u00e2tonnier\" loading=\"lazy\" srcset=\"https:\/\/linitiative.ca\/International\/wp-content\/uploads\/sites\/23\/2022\/06\/Me-MBAH-ERIC-MBAH.jpg 720w, https:\/\/www.journalducameroun.com\/wp-content\/uploads\/2022\/06\/Me-MBAH-ERIC-MBAH-281x300.jpg 281w, https:\/\/www.journalducameroun.com\/wp-content\/uploads\/2022\/06\/Me-MBAH-ERIC-MBAH-413x440.jpg 413w, https:\/\/www.journalducameroun.com\/wp-content\/uploads\/2022\/06\/Me-MBAH-ERIC-MBAH-600x640.jpg 600w\" sizes=\"auto, (max-width: 720px) 100vw, 720px\"><\/p>\n<h2 style=\"text-align: justify;\">L\u2019avocat vient d\u2019\u00eatre \u00e9lu \u00e0 l\u2019occasion de l\u2019assembl\u00e9e g\u00e9n\u00e9rale de l\u2019Ordre national des avocats du Cameroun qui se tient depuis samedi 18 juin 2022 \u00e0 Yaound\u00e9.<\/h2>\n<p style=\"text-align: justify;\">Le suspens a longtemps dur\u00e9. De samedi \u00e0 lundi, toutes les attentions \u00e9taient port\u00e9es au Palais polyvalent des sports de Yaound\u00e9. L\u00e0 se tient les travaux de la session ordinaire de l\u2019assembl\u00e9e g\u00e9n\u00e9rale \u00e9lective de l\u2019Ordre national des avocats du Cameroun. Cet apr\u00e8s-midi, la fum\u00e9e blanche tant attendue a recouvert le toit du joyau construit par les Chinois.<\/p>\n<p style=\"text-align: justify;\">Me Mbah Eric Mbah est port\u00e9 \u00e0 la t\u00eate du barreau pour un mandat de deux ans, par les 2800 avocats inscrits au tableau de l\u2019Ordre des avocats et qui ont particip\u00e9 aux travaux. Il succ\u00e8de ainsi \u00e0 Me Charles Tchakounte Pati\u00e9 d\u00e9c\u00e9d\u00e9. Le nouveau b\u00e2tonnier a devanc\u00e9 les quatre autres candidats qui \u00e9taient en lice \u00e0 l\u2019issue de l\u2019\u00e9lection des 15 membres du Conseil de l\u2019Ordre ce lundi matin.<\/p>\n<p style=\"text-align: justify;\">Son \u00e9lection vient parachever le renouvellement des organes dirigeants de l\u2019Ordre national des avocats. Dimanche en soir\u00e9e, Kless Yves Kouamou et Ernest Gbata ont \u00e9t\u00e9 \u00e9lus aux postes respectifs de pr\u00e9sident et vice-pr\u00e9sident de l\u2019assembl\u00e9e g\u00e9n\u00e9rale des avocats. Vers 6h ce lundi, les 15 membres du Conseil de l\u2019Ordre ont \u00e9t\u00e9 \u00e9lus.<\/p>\n<p style=\"text-align: justify;\">\u00a0Me Mbah Eric Mbah \u00e9tait jusque-l\u00e0 le repr\u00e9sentant du b\u00e2tonnier pour la r\u00e9gion du Nord-Ouest. Ag\u00e9 de 52 ans, il \u00e9tait le plus jeune des sept candidats enregistr\u00e9s avant le d\u00e9but des \u00e9lections. Il lui revient \u00e0 pr\u00e9sent de mettre en \u0153uvre son plan d\u2019action. Lors de la phase de campagne, l\u2019avocat s\u2019est permis d\u2019analyser les d\u00e9fis auxquels ses pairs sont confront\u00e9s. Le d\u00e9passement de certaines dispositions des textes organiques, l\u2019inad\u00e9quation des textes \u00e0 la protection des avocats, l\u2019absence d\u2019appui financier au barreau et aux avocats, entre autres.<\/p>\n<p style=\"text-align: justify;\">Produit\u00a0 de l\u2019universit\u00e9 de Yaound\u00e9 II-Soa, il est inscrit au petit tableau en 2001 et au grand tableau en 2003. En 2018, le propri\u00e9taire du cabinet Mbah and partners bas\u00e9 \u00e0 Bamenda, devient\u00a0 membre du Conseil. Avant son \u00e9lection en qualit\u00e9 de b\u00e2tonnier, Me Mbah a promis de lutter contre la corruption au sein du barreau et d\u2019am\u00e9liorer l\u2019\u00e9panouissement des avocats. L\u2019heure est venue de juger le ma\u00e7on au pied du mur.<\/p>\n<p>Cet article <a rel=\"nofollow\" href=\"https:\/\/www.journalducameroun.com\/ordre-des-avocats-du-cameroun-me-mbah-eric-mbah-est-le-nouveau-batonnier\/\">Ordre des avocats du Cameroun : Me Mbah Eric Mbah est le nouveau b\u00e2tonnier<\/a> est apparu en premier sur <a rel=\"nofollow\" href=\"https:\/\/www.journalducameroun.com\/\">Journal du Cameroun<\/a>.<\/p>\n<\/div>\n<p>Auteur: Arnaud MAWEL<br \/>\n<a href=\"https:\/\/www.journalducameroun.com\/ordre-des-avocats-du-cameroun-me-mbah-eric-mbah-est-le-nouveau-batonnier\/\">Cliquez ici pour lire l&rsquo;article depuis sa source.<\/a><\/p>\n","protected":false},"excerpt":{"rendered":"<p>L\u2019avocat vient d\u2019\u00eatre \u00e9lu \u00e0 l\u2019occasion de l\u2019assembl\u00e9e g\u00e9n\u00e9rale de l\u2019Ordre national des avocats du Cameroun qui se tient depuis samedi 18 juin 2022 \u00e0 Yaound\u00e9. Le suspens a longtemps dur\u00e9. De samedi \u00e0 lundi, toutes les attentions \u00e9taient port\u00e9es au Palais polyvalent des sports de Yaound\u00e9. L\u00e0 se tient les travaux de la session [&hellip;]<\/p>\n","protected":false},"author":1965,"featured_media":0,"comment_status":"closed","ping_status":"closed","sticky":false,"template":"","format":"standard","meta":{"fifu_image_url":"https:\/\/www.journalducameroun.com\/wp-content\/uploads\/2022\/06\/Me-MBAH-ERIC-MBAH.jpg","fifu_image_alt":"Ordre des avocats du Cameroun : Me Mbah Eric Mbah est le nouveau b\u00e2tonnier","footnotes":""},"categories":[73,82],"tags":[],"class_list":["post-150629","post","type-post","status-publish","format-standard","hentry","category-actualite","category-cameroun"],"_links":{"self":[{"href":"https:\/\/linitiative.ca\/International\/wp-json\/wp\/v2\/posts\/150629","targetHints":{"allow":["GET"]}}],"collection":[{"href":"https:\/\/linitiative.ca\/International\/wp-json\/wp\/v2\/posts"}],"about":[{"href":"https:\/\/linitiative.ca\/International\/wp-json\/wp\/v2\/types\/post"}],"author":[{"embeddable":true,"href":"https:\/\/linitiative.ca\/International\/wp-json\/wp\/v2\/users\/1965"}],"replies":[{"embeddable":true,"href":"https:\/\/linitiative.ca\/International\/wp-json\/wp\/v2\/comments?post=150629"}],"version-history":[{"count":0,"href":"https:\/\/linitiative.ca\/International\/wp-json\/wp\/v2\/posts\/150629\/revisions"}],"wp:attachment":[{"href":"https:\/\/linitiative.ca\/International\/wp-json\/wp\/v2\/media?parent=150629"}],"wp:term":[{"taxonomy":"category","embeddable":true,"href":"https:\/\/linitiative.ca\/International\/wp-json\/wp\/v2\/categories?post=150629"},{"taxonomy":"post_tag","embeddable":true,"href":"https:\/\/linitiative.ca\/International\/wp-json\/wp\/v2\/tags?post=150629"}],"curies":[{"name":"wp","href":"https:\/\/api.w.org\/{rel}","templated":true}]}}