{"id":150638,"date":"2022-06-20T12:04:32","date_gmt":"2022-06-20T16:04:32","guid":{"rendered":"https:\/\/linitiative.ca\/International\/autoroute-kribi-lolabe-deja-201-milliards-accordes-aux-populations-riveraines-dans-le-cadre-des-indemnisations\/"},"modified":"2022-06-20T12:04:32","modified_gmt":"2022-06-20T16:04:32","slug":"autoroute-kribi-lolabe-deja-201-milliards-accordes-aux-populations-riveraines-dans-le-cadre-des-indemnisations","status":"publish","type":"post","link":"https:\/\/linitiative.ca\/International\/autoroute-kribi-lolabe-deja-201-milliards-accordes-aux-populations-riveraines-dans-le-cadre-des-indemnisations\/","title":{"rendered":"Autoroute Kribi-Lolab\u00e9\u00a0: d\u00e9j\u00e0 2,01 milliards accord\u00e9s aux populations riveraines dans le cadre des indemnisations"},"content":{"rendered":"<div>\n<p>Le gouverneur de la r\u00e9gion du Sud Felix Ngu\u00e9l\u00e9 Ngu\u00e9l\u00e9 s\u2019est fendu d\u2019un communiqu\u00e9 le 16 juin 2022. Dans ce document r\u00e9dig\u00e9 \u00a0\u00e0 l\u2019attention des personnes victimes de destruction ou de perte de biens li\u00e9es \u00e0 la construction de l\u2019autoroute Kribi-Lolab\u00e9 localis\u00e9e dans la r\u00e9gion du Sud, ce dernier \u00a0souligne que le montant mobilis\u00e9 pour la deuxi\u00e8me phase des indemnisations est disponible. Il s\u2019\u00e9l\u00e8ve \u00e0 601\u00a0580\u00a0630 de FCFA. Les b\u00e9n\u00e9ficiaires sont pass\u00e9s \u00e0 la caisse les 8 et 9 juin 2022. Actuellement, la priorit\u00e9 est accord\u00e9e aux repr\u00e9sentants des b\u00e9n\u00e9ficiaires d\u00e9c\u00e9d\u00e9s, mais \u00e9galement \u00e0 ceux dont la situation est quelque peu litigieuse, ou qui \u00e9taient absents lors des premiers paiements. Apr\u00e8s cette phase, les populations riveraines devront encore passer \u00e0 la caisse une derni\u00e8re fois. Cette troisi\u00e8me phase sera programm\u00e9e d\u00e8s la disponibilit\u00e9 du financement correspondant, a pr\u00e9cis\u00e9 Felix Ngu\u00e9l\u00e9 Ngu\u00e9l\u00e9. Quant \u00e0 la premi\u00e8re phase d\u2019indemnisation d\u2019un montant de 1,4 milliard de F, elle a eu lieu les 03 et 10 septembre 2019.<\/p>\n<p><strong>Lire aussi : <a href=\"https:\/\/ecomatin.net\/a-kribi-le-ministre-des-travaux-publics-prepare-la-reception-technique-de-lautoroute-kribi-lolabe\/\" target=\"_blank\" rel=\"noreferrer noopener\">A Kribi, le Ministre des Travaux Publics pr\u00e9pare la r\u00e9ception technique de l\u2019autoroute Kribi-Lolabe<\/a><\/strong><\/p>\n<p>L\u2019enveloppe globale d\u00e9di\u00e9e aux indemnisations dans le cadre du projet routier susmentionn\u00e9 s\u2019\u00e9l\u00e8ve \u00e0 2,6 milliards de FCFA. Ce montant a \u00e9t\u00e9 arr\u00eat\u00e9 par le premier ministre Joseph Dion Ngute, \u00e0 la faveur d\u2019un d\u00e9cret sign\u00e9 le 16 mars 2018.\u00a0 Il est destin\u00e9 \u00e0 l\u2019indemnisation des personnes victimes de destruction de culture ou pertes de droits fonciers, dans le cadre des travaux de construction de l\u2019autoroute Kribi-Lolab\u00e9. Longue de 38,5 kilom\u00e8tres avec des voies de raccordement de 4,5 kilom\u00e8tres, cette route a jusqu\u2019ici n\u00e9cessit\u00e9 la mobilisation d\u2019environ 250 milliards de FCFA pour sa construction. Les travaux de construction sont quasiment boucl\u00e9s. D\u2019ailleurs, son ouverture officielle \u00e0 la circulation est pr\u00e9vue dans les jours \u00e0 venir.<\/p>\n<p><strong>Lire aussi : <a href=\"https:\/\/ecomatin.net\/autoroute-kribi-lolabe-les-dessous-de-lattribution-du-marche-a-la-chine\/\" target=\"_blank\" rel=\"noreferrer noopener\">Autoroute Kribi-Lolab\u00e9 : les dessous de l\u2019attribution du march\u00e9 \u00e0 la chine<\/a><\/strong><\/p>\n<p>L\u2019autoroute Kribi-Lolab\u00e9 va renforcer le d\u00e9veloppement de la r\u00e9gion du Sud. Le port autonome de Kribi en sera le plus grand b\u00e9n\u00e9ficiaire. Cette autoroute va contribuer \u00e0 desservir la place portuaire, qui re\u00e7oit des navires depuis 2014, mais \u00e9prouve encore quelques difficult\u00e9s quant \u00e0 l\u2019acheminement des marchandises vers les zones d\u00e9di\u00e9es. Jusqu\u2019ici, la seule option pour les transporteurs reste le tron\u00e7on Ed\u00e9a-Kribi, qui, sous la pression de l\u2019important trafic qu\u2019il rencontre, commence \u00e0 manifester des signes de fatigue.<\/p>\n<p><strong>L\u00e9onel Balla<\/strong><\/p>\n<p>L\u2019article <a rel=\"nofollow\" href=\"https:\/\/ecomatin.net\/autoroute-kribi-lolabe-deja-201-milliards-accordes-aux-populations-riveraines-dans-le-cadre-des-indemnisations\/\">Autoroute Kribi-Lolab\u00e9\u00a0: d\u00e9j\u00e0 2,01 milliards accord\u00e9s aux populations riveraines dans le cadre des indemnisations<\/a> est apparu en premier sur <a rel=\"nofollow\" href=\"https:\/\/ecomatin.net\/\">EcoMatin<\/a>.<\/p>\n<\/div>\n<p>Auteur: EcoMatin<br \/>\n<a href=\"https:\/\/ecomatin.net\/autoroute-kribi-lolabe-deja-201-milliards-accordes-aux-populations-riveraines-dans-le-cadre-des-indemnisations\/\">Cliquez ici pour lire l&rsquo;article depuis sa source.<\/a><\/p>\n","protected":false},"excerpt":{"rendered":"<p>Le gouverneur de la r\u00e9gion du Sud Felix Ngu\u00e9l\u00e9 Ngu\u00e9l\u00e9 s\u2019est fendu d\u2019un communiqu\u00e9 le 16 juin 2022. Dans ce document r\u00e9dig\u00e9 \u00a0\u00e0 l\u2019attention des personnes victimes de destruction ou de perte de biens li\u00e9es \u00e0 la construction de l\u2019autoroute Kribi-Lolab\u00e9 localis\u00e9e dans la r\u00e9gion du Sud, ce dernier \u00a0souligne que le montant mobilis\u00e9 pour [&hellip;]<\/p>\n","protected":false},"author":1969,"featured_media":0,"comment_status":"closed","ping_status":"closed","sticky":false,"template":"","format":"standard","meta":{"fifu_image_url":"","fifu_image_alt":"","footnotes":""},"categories":[82,78],"tags":[],"class_list":["post-150638","post","type-post","status-publish","format-standard","hentry","category-cameroun","category-economie"],"_links":{"self":[{"href":"https:\/\/linitiative.ca\/International\/wp-json\/wp\/v2\/posts\/150638","targetHints":{"allow":["GET"]}}],"collection":[{"href":"https:\/\/linitiative.ca\/International\/wp-json\/wp\/v2\/posts"}],"about":[{"href":"https:\/\/linitiative.ca\/International\/wp-json\/wp\/v2\/types\/post"}],"author":[{"embeddable":true,"href":"https:\/\/linitiative.ca\/International\/wp-json\/wp\/v2\/users\/1969"}],"replies":[{"embeddable":true,"href":"https:\/\/linitiative.ca\/International\/wp-json\/wp\/v2\/comments?post=150638"}],"version-history":[{"count":0,"href":"https:\/\/linitiative.ca\/International\/wp-json\/wp\/v2\/posts\/150638\/revisions"}],"wp:attachment":[{"href":"https:\/\/linitiative.ca\/International\/wp-json\/wp\/v2\/media?parent=150638"}],"wp:term":[{"taxonomy":"category","embeddable":true,"href":"https:\/\/linitiative.ca\/International\/wp-json\/wp\/v2\/categories?post=150638"},{"taxonomy":"post_tag","embeddable":true,"href":"https:\/\/linitiative.ca\/International\/wp-json\/wp\/v2\/tags?post=150638"}],"curies":[{"name":"wp","href":"https:\/\/api.w.org\/{rel}","templated":true}]}}