{"id":150644,"date":"2022-06-21T08:38:32","date_gmt":"2022-06-21T12:38:32","guid":{"rendered":"https:\/\/linitiative.ca\/International\/marrakech-du-rire-jamel-debbouz-en-parle\/"},"modified":"2022-06-21T08:38:32","modified_gmt":"2022-06-21T12:38:32","slug":"marrakech-du-rire-jamel-debbouz-en-parle","status":"publish","type":"post","link":"https:\/\/linitiative.ca\/International\/marrakech-du-rire-jamel-debbouz-en-parle\/","title":{"rendered":"Marrakech du Rire : Jamel Debbouz en parle !"},"content":{"rendered":"<div>\n<p><img decoding=\"async\" width=\"300\" height=\"153\" src=\"https:\/\/linitiative.ca\/International\/wp-content\/uploads\/sites\/23\/2022\/06\/Jamel-Debbouz-Marrakech-du-Rire-300x153-1.jpg\" class=\"attachment-medium size-medium wp-post-image\" alt=\"\" loading=\"lazy\" srcset=\"https:\/\/linitiative.ca\/International\/wp-content\/uploads\/sites\/23\/2022\/06\/Jamel-Debbouz-Marrakech-du-Rire-300x153-1.jpg 300w, https:\/\/aujourdhui.ma\/wp-content\/uploads\/2022\/06\/Jamel-Debbouz-Marrakech-du-Rire-274x140.jpg 274w, https:\/\/aujourdhui.ma\/wp-content\/uploads\/2022\/06\/Jamel-Debbouz-Marrakech-du-Rire.jpg 746w, https:\/\/aujourdhui.ma\/wp-content\/uploads\/2022\/06\/Jamel-Debbouz-Marrakech-du-Rire-165x84.jpg 165w, https:\/\/aujourdhui.ma\/wp-content\/uploads\/2022\/06\/Jamel-Debbouz-Marrakech-du-Rire-702x358.jpg 702w\" sizes=\"auto, (max-width: 300px) 100vw, 300px\"><\/p>\n<p><span style=\"font-size: 20px; color: #800000;\"><strong>Le Marrakech du Rire a f\u00eat\u00e9 cette ann\u00e9e ses 10 ans d\u2019existence. Les c\u00e9l\u00e9brations sont doubles puisque la tenue de ce rendez-vous a co\u00efncid\u00e9 avec l\u2019anniversaire de son fondateur Jamel Debbouz.<\/strong><\/span><span id=\"more-411217\"><\/span><\/p>\n<p>Ce dernier, le temps d\u2019un point de presse, partage son ressenti quant \u00e0 ce comeback apr\u00e8s un arr\u00eat forc\u00e9 par la Covid-19, et d\u00e9voile les coulisses de cette manifestation qui est d\u00e9sormais ancr\u00e9e dans l\u2019agenda culturel du Maroc. Une rencontre qui ne manque pas d\u2019humour et de convivialit\u00e9.<\/p>\n<p><strong>Reportage vid\u00e9o : Chafik Arich<\/strong><\/p>\n<\/div>\n<p>Auteur: ALM<br \/>\n<a href=\"https:\/\/aujourdhui.ma\/videos\/marrakech-du-rire-jamel-debbouz-en-parle\">Cliquez ici pour lire l&rsquo;article depuis sa source.<\/a><\/p>\n","protected":false},"excerpt":{"rendered":"<p>Le Marrakech du Rire a f\u00eat\u00e9 cette ann\u00e9e ses 10 ans d\u2019existence. Les c\u00e9l\u00e9brations sont doubles puisque la tenue de ce rendez-vous a co\u00efncid\u00e9 avec l\u2019anniversaire de son fondateur Jamel Debbouz. Ce dernier, le temps d\u2019un point de presse, partage son ressenti quant \u00e0 ce comeback apr\u00e8s un arr\u00eat forc\u00e9 par la Covid-19, et d\u00e9voile [&hellip;]<\/p>\n","protected":false},"author":1759,"featured_media":0,"comment_status":"closed","ping_status":"closed","sticky":false,"template":"","format":"standard","meta":{"fifu_image_url":"https:\/\/aujourdhui.ma\/wp-content\/uploads\/2022\/06\/Jamel-Debbouz-Marrakech-du-Rire-300x153.jpg","fifu_image_alt":"Marrakech du Rire : Jamel Debbouz en parle !","footnotes":""},"categories":[73,54],"tags":[],"class_list":["post-150644","post","type-post","status-publish","format-standard","hentry","category-actualite","category-maroc"],"_links":{"self":[{"href":"https:\/\/linitiative.ca\/International\/wp-json\/wp\/v2\/posts\/150644","targetHints":{"allow":["GET"]}}],"collection":[{"href":"https:\/\/linitiative.ca\/International\/wp-json\/wp\/v2\/posts"}],"about":[{"href":"https:\/\/linitiative.ca\/International\/wp-json\/wp\/v2\/types\/post"}],"author":[{"embeddable":true,"href":"https:\/\/linitiative.ca\/International\/wp-json\/wp\/v2\/users\/1759"}],"replies":[{"embeddable":true,"href":"https:\/\/linitiative.ca\/International\/wp-json\/wp\/v2\/comments?post=150644"}],"version-history":[{"count":0,"href":"https:\/\/linitiative.ca\/International\/wp-json\/wp\/v2\/posts\/150644\/revisions"}],"wp:attachment":[{"href":"https:\/\/linitiative.ca\/International\/wp-json\/wp\/v2\/media?parent=150644"}],"wp:term":[{"taxonomy":"category","embeddable":true,"href":"https:\/\/linitiative.ca\/International\/wp-json\/wp\/v2\/categories?post=150644"},{"taxonomy":"post_tag","embeddable":true,"href":"https:\/\/linitiative.ca\/International\/wp-json\/wp\/v2\/tags?post=150644"}],"curies":[{"name":"wp","href":"https:\/\/api.w.org\/{rel}","templated":true}]}}