{"id":150646,"date":"2022-06-21T08:51:03","date_gmt":"2022-06-21T12:51:03","guid":{"rendered":"https:\/\/linitiative.ca\/International\/video-voyage-picturale-dans-les-10-ans-du-marrakech-du-rire\/"},"modified":"2022-06-21T08:51:03","modified_gmt":"2022-06-21T12:51:03","slug":"video-voyage-picturale-dans-les-10-ans-du-marrakech-du-rire","status":"publish","type":"post","link":"https:\/\/linitiative.ca\/International\/video-voyage-picturale-dans-les-10-ans-du-marrakech-du-rire\/","title":{"rendered":"Vid\u00e9o : Voyage picturale dans les 10 ans du Marrakech du Rire"},"content":{"rendered":"<div>\n<p><img decoding=\"async\" width=\"300\" height=\"153\" src=\"https:\/\/linitiative.ca\/International\/wp-content\/uploads\/sites\/23\/2022\/06\/LaiCC88d-Liazid-Exposition-Marrakech-du-Rire-300x153-1.jpg\" class=\"attachment-medium size-medium wp-post-image\" alt=\"\" loading=\"lazy\" srcset=\"https:\/\/linitiative.ca\/International\/wp-content\/uploads\/sites\/23\/2022\/06\/LaiCC88d-Liazid-Exposition-Marrakech-du-Rire-300x153-1.jpg 300w, https:\/\/aujourdhui.ma\/wp-content\/uploads\/2022\/06\/Lai\u0308d-Liazid-Exposition-Marrakech-du-Rire-274x140.jpg 274w, https:\/\/aujourdhui.ma\/wp-content\/uploads\/2022\/06\/Lai\u0308d-Liazid-Exposition-Marrakech-du-Rire.jpg 746w, https:\/\/aujourdhui.ma\/wp-content\/uploads\/2022\/06\/Lai\u0308d-Liazid-Exposition-Marrakech-du-Rire-165x84.jpg 165w, https:\/\/aujourdhui.ma\/wp-content\/uploads\/2022\/06\/Lai\u0308d-Liazid-Exposition-Marrakech-du-Rire-702x358.jpg 702w\" sizes=\"auto, (max-width: 300px) 100vw, 300px\"><\/p>\n<p><span style=\"font-size: 20px; color: #800000;\"><strong>Pour son \u00e9dition 2022, le Marrakech du Rire ne s\u2019est pas content\u00e9 de la sc\u00e8ne artistique mais il a offert \u00e0 son public un voyage dans le temps \u00e0 travers une exposition qui retrace les moments forts de chaque \u00e9dition pass\u00e9e.<\/strong> <\/span><br \/>\n<span id=\"more-411220\"><\/span><\/p>\n<p>Derri\u00e8re l\u2019objectif, La\u00efd Liazid qui a accompagn\u00e9 la r\u00e9ussite de ce festival depuis son lancement \u00e0 ce jour. Le photographe a captur\u00e9 au fil des ans les instants magiques ayant marqu\u00e9 ce rendez-vous aussi bien sur sc\u00e8ne qu\u2019en coulisses.<br \/>\nUne immersion picturale au fin fond du Marrakech du Rire pour c\u00e9l\u00e9brer en grande pompe le 10\u00e8me anniversaire de ce festival.<br \/>\n<strong>Reportage vid\u00e9o : Chafik Arich<\/strong><\/p>\n<\/div>\n<p>Auteur: ALM<br \/>\n<a href=\"https:\/\/aujourdhui.ma\/videos\/video-voyage-picturale-dans-les-10-ans-du-marrakech-du-rire\">Cliquez ici pour lire l&rsquo;article depuis sa source.<\/a><\/p>\n","protected":false},"excerpt":{"rendered":"<p>Pour son \u00e9dition 2022, le Marrakech du Rire ne s\u2019est pas content\u00e9 de la sc\u00e8ne artistique mais il a offert \u00e0 son public un voyage dans le temps \u00e0 travers une exposition qui retrace les moments forts de chaque \u00e9dition pass\u00e9e. Derri\u00e8re l\u2019objectif, La\u00efd Liazid qui a accompagn\u00e9 la r\u00e9ussite de ce festival depuis son [&hellip;]<\/p>\n","protected":false},"author":1759,"featured_media":0,"comment_status":"closed","ping_status":"closed","sticky":false,"template":"","format":"standard","meta":{"fifu_image_url":"https:\/\/aujourdhui.ma\/wp-content\/uploads\/2022\/06\/Lai\u0308d-Liazid-Exposition-Marrakech-du-Rire-300x153.jpg","fifu_image_alt":"Vid\u00e9o : Voyage picturale dans les 10 ans du Marrakech du Rire","footnotes":""},"categories":[73,54],"tags":[],"class_list":["post-150646","post","type-post","status-publish","format-standard","hentry","category-actualite","category-maroc"],"_links":{"self":[{"href":"https:\/\/linitiative.ca\/International\/wp-json\/wp\/v2\/posts\/150646","targetHints":{"allow":["GET"]}}],"collection":[{"href":"https:\/\/linitiative.ca\/International\/wp-json\/wp\/v2\/posts"}],"about":[{"href":"https:\/\/linitiative.ca\/International\/wp-json\/wp\/v2\/types\/post"}],"author":[{"embeddable":true,"href":"https:\/\/linitiative.ca\/International\/wp-json\/wp\/v2\/users\/1759"}],"replies":[{"embeddable":true,"href":"https:\/\/linitiative.ca\/International\/wp-json\/wp\/v2\/comments?post=150646"}],"version-history":[{"count":0,"href":"https:\/\/linitiative.ca\/International\/wp-json\/wp\/v2\/posts\/150646\/revisions"}],"wp:attachment":[{"href":"https:\/\/linitiative.ca\/International\/wp-json\/wp\/v2\/media?parent=150646"}],"wp:term":[{"taxonomy":"category","embeddable":true,"href":"https:\/\/linitiative.ca\/International\/wp-json\/wp\/v2\/categories?post=150646"},{"taxonomy":"post_tag","embeddable":true,"href":"https:\/\/linitiative.ca\/International\/wp-json\/wp\/v2\/tags?post=150646"}],"curies":[{"name":"wp","href":"https:\/\/api.w.org\/{rel}","templated":true}]}}