{"id":150661,"date":"2022-06-21T09:06:08","date_gmt":"2022-06-21T13:06:08","guid":{"rendered":"https:\/\/linitiative.ca\/International\/quels-sont-les-deux-nouveaux-comites-de-la-ctfci\/"},"modified":"2022-06-21T09:06:08","modified_gmt":"2022-06-21T13:06:08","slug":"quels-sont-les-deux-nouveaux-comites-de-la-ctfci","status":"publish","type":"post","link":"https:\/\/linitiative.ca\/International\/quels-sont-les-deux-nouveaux-comites-de-la-ctfci\/","title":{"rendered":"Quels sont les\u00a0\u00a0deux nouveaux comit\u00e9s de la CTFCI\u00a0?"},"content":{"rendered":"<div>\n<p style=\"font-weight: 400\">\n<p style=\"font-weight: 400\">La chambre Tuniso-Francaise de commerce et de l\u2019industrie a d\u00e9cid\u00e9 de cr\u00e9er deux nouveaux comit\u00e9s ex\u00e9cutif et consultatif.<\/p>\n<p style=\"font-weight: 400\">Le premier comit\u00e9 ex\u00e9cutif est compos\u00e9 de 50 membres dont la majorit\u00e9 est des chefs d\u2019entreprises fran\u00e7ais. Ce comit\u00e9 se r\u00e9unit une fois par mois.<\/p>\n<p style=\"font-weight: 400\">Par ailleurs, le second comit\u00e9 est compos\u00e9 de 6 membres dont le pr\u00e9sident, vice-pr\u00e9sident, un secr\u00e9taire g\u00e9n\u00e9ral, un tr\u00e9sorier et deux membres du comit\u00e9 directeur. Ce comit\u00e9 se tient toutes les semaines.<\/p>\n<p style=\"font-weight: 400\">D\u2019un autre c\u00f4t\u00e9, des commissions sectorielles de la chambre ont \u00e9galement \u00e9t\u00e9 constitu\u00e9es et se composent \u00e9galement d\u2019une commission de liaison et d\u2019une commission juridique dont le r\u00f4le est de digitaliser les activit\u00e9s de la chambre, cr\u00e9er une base de donn\u00e9es et de revoir l\u2019identit\u00e9 visuelle.<\/p>\n<p style=\"font-weight: 400\">Ainsi de revoir les r\u00e8glements internes et les statuts de la chambre et pour \u00e9laborer son code d\u2019\u00e9thique, avant la fin de l\u2019ann\u00e9e.<\/p>\n<p>Emna Dhibi<\/p>\n<p>The post <a href=\"https:\/\/lexpertjournal.net\/fr\/?p=22536\">Quels sont les\u00a0\u00a0deux nouveaux comit\u00e9s de la CTFCI\u00a0?<\/a> first appeared on <a href=\"https:\/\/lexpertjournal.net\/fr\">L&rsquo;Expert Journal<\/a>.<\/p>\n<\/div>\n<p>Auteur: L&rsquo;expert<br \/>\n<a href=\"https:\/\/lexpertjournal.net\/fr\/?p=22536\">Cliquez ici pour lire l&rsquo;article depuis sa source.<\/a><\/p>\n","protected":false},"excerpt":{"rendered":"<p>La chambre Tuniso-Francaise de commerce et de l\u2019industrie a d\u00e9cid\u00e9 de cr\u00e9er deux nouveaux comit\u00e9s ex\u00e9cutif et consultatif. Le premier comit\u00e9 ex\u00e9cutif est compos\u00e9 de 50 membres dont la majorit\u00e9 est des chefs d\u2019entreprises fran\u00e7ais. Ce comit\u00e9 se r\u00e9unit une fois par mois. Par ailleurs, le second comit\u00e9 est compos\u00e9 de 6 membres dont le [&hellip;]<\/p>\n","protected":false},"author":1775,"featured_media":0,"comment_status":"closed","ping_status":"closed","sticky":false,"template":"","format":"standard","meta":{"fifu_image_url":"","fifu_image_alt":"","footnotes":""},"categories":[78,55],"tags":[],"class_list":["post-150661","post","type-post","status-publish","format-standard","hentry","category-economie","category-tunisie"],"_links":{"self":[{"href":"https:\/\/linitiative.ca\/International\/wp-json\/wp\/v2\/posts\/150661","targetHints":{"allow":["GET"]}}],"collection":[{"href":"https:\/\/linitiative.ca\/International\/wp-json\/wp\/v2\/posts"}],"about":[{"href":"https:\/\/linitiative.ca\/International\/wp-json\/wp\/v2\/types\/post"}],"author":[{"embeddable":true,"href":"https:\/\/linitiative.ca\/International\/wp-json\/wp\/v2\/users\/1775"}],"replies":[{"embeddable":true,"href":"https:\/\/linitiative.ca\/International\/wp-json\/wp\/v2\/comments?post=150661"}],"version-history":[{"count":0,"href":"https:\/\/linitiative.ca\/International\/wp-json\/wp\/v2\/posts\/150661\/revisions"}],"wp:attachment":[{"href":"https:\/\/linitiative.ca\/International\/wp-json\/wp\/v2\/media?parent=150661"}],"wp:term":[{"taxonomy":"category","embeddable":true,"href":"https:\/\/linitiative.ca\/International\/wp-json\/wp\/v2\/categories?post=150661"},{"taxonomy":"post_tag","embeddable":true,"href":"https:\/\/linitiative.ca\/International\/wp-json\/wp\/v2\/tags?post=150661"}],"curies":[{"name":"wp","href":"https:\/\/api.w.org\/{rel}","templated":true}]}}