{"id":150662,"date":"2022-06-21T12:17:42","date_gmt":"2022-06-21T16:17:42","guid":{"rendered":"https:\/\/linitiative.ca\/International\/ceremonie-en-lhonneur-des-pelerins-devant-se-rendre-aux-lieux-saints\/"},"modified":"2022-06-21T12:17:42","modified_gmt":"2022-06-21T16:17:42","slug":"ceremonie-en-lhonneur-des-pelerins-devant-se-rendre-aux-lieux-saints","status":"publish","type":"post","link":"https:\/\/linitiative.ca\/International\/ceremonie-en-lhonneur-des-pelerins-devant-se-rendre-aux-lieux-saints\/","title":{"rendered":"C\u00e9r\u00e9monie en l\u2019honneur des p\u00e8lerins devant se rendre aux Lieux Saints"},"content":{"rendered":"<div>\n<div style=\"margin-bottom:20px;\"><img loading=\"lazy\" decoding=\"async\" width=\"750\" height=\"430\" src=\"https:\/\/linitiative.ca\/International\/wp-content\/uploads\/sites\/23\/2022\/06\/benguC3A9rir-copier.jpg\" class=\"attachment-post-thumbnail size-post-thumbnail wp-post-image\" alt=\"\" srcset=\"https:\/\/linitiative.ca\/International\/wp-content\/uploads\/sites\/23\/2022\/06\/benguC3A9rir-copier.jpg 750w, https:\/\/www.mapmarrakech.ma\/map\/uploads\/2022\/06\/bengu\u00e9rir-copier-300x172.jpg 300w\" sizes=\"auto, (max-width: 750px) 100vw, 750px\"><\/div>\n<p>Dans une allocution de circonstance \u00e0 cette occasion, le gouverneur de la province de Rehamna, M. Aziz Bouignane a rappel\u00e9 les Hautes Orientations de Sa Majest\u00e9 le Roi Mohammed VI, Amir Al-Mouminine, appelant les p\u00e8lerins marocains \u00e0 repr\u00e9senter comme il se doit leur pays, en donnant du Royaume une image honorable et conforme \u00e0 l\u2019adh\u00e9sion forte de son peuple aux valeurs de tol\u00e9rance et de mod\u00e9ration, \u00e0 son attachement \u00e0 l\u2019unit\u00e9 doctrinale et au principe du juste milieu et au rejet de toute vell\u00e9it\u00e9 d\u2019extr\u00e9misme.<\/p>\n<p>Les Marocains sont connus, \u00e0 travers leur longue histoire, pour leur attachement aux valeurs nobles de l\u2019islam, leur bonne r\u00e9putation et leurs bonnes conduites l\u00e0 o\u00f9 ils se d\u00e9placent ou voyagent, a-t-il dit.<\/p>\n<p>Dans ce contexte, le gouverneur a soulign\u00e9 que conform\u00e9ment aux Hautes Instructions Royales visant \u00e0 porter un int\u00e9r\u00eat particulier aux p\u00e8lerins et \u00e0 \u00eatre \u00e0 l\u2019\u00e9coute de leurs attentes et pr\u00e9occupations, des efforts colossaux ont \u00e9t\u00e9 consentis au titre de l\u2019ann\u00e9e 1443 H, afin que l\u2019accomplissement du p\u00e8lerinage se d\u00e9roule dans les meilleures conditions, indiquant qu\u2019au niveau provincial, toutes les mesures ont \u00e9t\u00e9 prises pour faciliter l\u2019obtention de tous les documents n\u00e9cessaires et l\u2019accomplissement des proc\u00e9dures administratives requises, dont le passeport, les visas et les billets d\u2019avions entre autres.<\/p>\n<p>Dans ce cadre, M. Bouignane a appel\u00e9 les p\u00e8lerins \u00e0 se conformer aux mesures pr\u00e9ventives d\u00e9cr\u00e9t\u00e9es par les autorit\u00e9s sanitaires comp\u00e9tentes afin d\u2019\u00e9viter de contracter la Covid-19 lors de l\u2019accomplissement du p\u00e8lerinage et pr\u00e9server leur sant\u00e9 et la s\u00e9curit\u00e9 des autres p\u00e8lerins, mettant en relief les efforts de tous les intervenants, qui ont contribu\u00e9 \u00e0 la r\u00e9ussite de cette op\u00e9ration, dont les commissions m\u00e9dicales, les oul\u00e9mas et autres responsables administratifs de la province.<\/p>\n<p>Le d\u00e9l\u00e9gu\u00e9 provincial du minist\u00e8re des Affaires islamiques \u00e0 Rehamna, M. Mohamed El Ma\u00e2ta, a indiqu\u00e9 de son c\u00f4t\u00e9, que les p\u00e8lerins dans les lieux Saints de l\u2019islam au titre de l\u2019ann\u00e9e 1443 H, ont b\u00e9n\u00e9fici\u00e9 de sessions de formation visant \u00e0 leur initier les piliers du hajj et ses obligations, en coordination avec le Conseil local des oul\u00e9mas.<\/p>\n<p>Dans une d\u00e9claration \u00e0 M24, la chaine t\u00e9l\u00e9vis\u00e9e de l\u2019information en continu de la MAP, il a exhort\u00e9 les p\u00e8lerins \u00e0 s\u2019attacher aux nobles valeurs de l\u2019islam en faisant preuve de discipline en tout temps et en toute circonstance.<\/p>\n<p>De son c\u00f4t\u00e9, le d\u00e9l\u00e9gu\u00e9 provincial du minist\u00e8re de la sant\u00e9 et de la protection sociale \u00e0 Rehamna, M. Kamal Yansli, a mis l\u2019accent sur les recommandations du D\u00e9partement de la sant\u00e9 contenues dans la note minist\u00e9rielle visant \u00e0 r\u00e9aliser des examens cliniques au profit de tous les p\u00e8lerins, rappelant la cr\u00e9ation d\u2019une commission compos\u00e9e de trois m\u00e9decins charg\u00e9s de r\u00e9aliser ces examens au profit des p\u00e8lerins, et de leur administrer les vaccins contre le m\u00e9ningite et la grippe saisonni\u00e8re.<\/p>\n<p>Dans ce cadre, il a tenu \u00e0 rappeler la publication et la distribution d\u2019un Guide comportant plusieurs consignes et conseils pratiques incitant les p\u00e8lerins \u00e0 se conformer aux mesures visant \u00e0 enrayer la propagation du nouveau coronavirus (Covid-19) et \u00e0 les aider \u00e0 accomplir le p\u00e8lerinage dans de meilleures conditions.<\/p>\n<p>The post <a rel=\"nofollow\" href=\"https:\/\/www.mapmarrakech.ma\/fr\/ceremonie-en-lhonneur-des-pelerins-devant-se-rendre-aux-lieux-saints-de-lislam\/\">C\u00e9r\u00e9monie en l\u2019honneur des p\u00e8lerins devant se rendre aux Lieux Saints<\/a> appeared first on <a rel=\"nofollow\" href=\"https:\/\/www.mapmarrakech.ma\/fr\">MapMarrakech<\/a>.<\/p>\n<\/div>\n<p>Auteur: Meriem IGASS<br \/>\n<a href=\"https:\/\/www.mapmarrakech.ma\/fr\/ceremonie-en-lhonneur-des-pelerins-devant-se-rendre-aux-lieux-saints-de-lislam\/\">Cliquez ici pour lire l&rsquo;article depuis sa source.<\/a><\/p>\n","protected":false},"excerpt":{"rendered":"<p>Dans une allocution de circonstance \u00e0 cette occasion, le gouverneur de la province de Rehamna, M. Aziz Bouignane a rappel\u00e9 les Hautes Orientations de Sa Majest\u00e9 le Roi Mohammed VI, Amir Al-Mouminine, appelant les p\u00e8lerins marocains \u00e0 repr\u00e9senter comme il se doit leur pays, en donnant du Royaume une image honorable et conforme \u00e0 l\u2019adh\u00e9sion [&hellip;]<\/p>\n","protected":false},"author":1788,"featured_media":0,"comment_status":"closed","ping_status":"closed","sticky":false,"template":"","format":"standard","meta":{"fifu_image_url":"https:\/\/www.mapmarrakech.ma\/map\/uploads\/2022\/06\/bengu\u00e9rir-copier.jpg","fifu_image_alt":"C\u00e9r\u00e9monie en l\u2019honneur des p\u00e8lerins devant se rendre aux Lieux Saints","footnotes":""},"categories":[54,76],"tags":[],"class_list":["post-150662","post","type-post","status-publish","format-standard","hentry","category-maroc","category-regions"],"_links":{"self":[{"href":"https:\/\/linitiative.ca\/International\/wp-json\/wp\/v2\/posts\/150662","targetHints":{"allow":["GET"]}}],"collection":[{"href":"https:\/\/linitiative.ca\/International\/wp-json\/wp\/v2\/posts"}],"about":[{"href":"https:\/\/linitiative.ca\/International\/wp-json\/wp\/v2\/types\/post"}],"author":[{"embeddable":true,"href":"https:\/\/linitiative.ca\/International\/wp-json\/wp\/v2\/users\/1788"}],"replies":[{"embeddable":true,"href":"https:\/\/linitiative.ca\/International\/wp-json\/wp\/v2\/comments?post=150662"}],"version-history":[{"count":0,"href":"https:\/\/linitiative.ca\/International\/wp-json\/wp\/v2\/posts\/150662\/revisions"}],"wp:attachment":[{"href":"https:\/\/linitiative.ca\/International\/wp-json\/wp\/v2\/media?parent=150662"}],"wp:term":[{"taxonomy":"category","embeddable":true,"href":"https:\/\/linitiative.ca\/International\/wp-json\/wp\/v2\/categories?post=150662"},{"taxonomy":"post_tag","embeddable":true,"href":"https:\/\/linitiative.ca\/International\/wp-json\/wp\/v2\/tags?post=150662"}],"curies":[{"name":"wp","href":"https:\/\/api.w.org\/{rel}","templated":true}]}}