{"id":150668,"date":"2022-06-21T11:49:46","date_gmt":"2022-06-21T15:49:46","guid":{"rendered":"https:\/\/linitiative.ca\/International\/alstom-ambitionne-de-contribuer-au-developpement-de-lecosysteme-ferroviaire-au-maroc\/"},"modified":"2022-06-21T11:49:46","modified_gmt":"2022-06-21T15:49:46","slug":"alstom-ambitionne-de-contribuer-au-developpement-de-lecosysteme-ferroviaire-au-maroc","status":"publish","type":"post","link":"https:\/\/linitiative.ca\/International\/alstom-ambitionne-de-contribuer-au-developpement-de-lecosysteme-ferroviaire-au-maroc\/","title":{"rendered":"Alstom ambitionne de contribuer au d\u00e9veloppement de l\u2019\u00e9cosyst\u00e8me ferroviaire au Maroc"},"content":{"rendered":"<div>\n<div class=\"field field-name-body field-type-text-with-summary field-label-hidden\">\n<div class=\"field-items\">\n<div class=\"field-item even\" property=\"content:encoded\">\n<p class=\"rtejustify\">Le groupe Alstom s\u2019implique dans la cr\u00e9ation d\u2019un \u00e9cosyst\u00e8me local d\u00e9di\u00e9 au secteur ferroviaire pour notamment l\u2019accompagner dans la r\u00e9alisation de ses projets en cours et futurs au Maroc ou \u00e0 l\u2019\u00e9tranger. Ainsi, plus de 80 op\u00e9rateurs relevant de ce secteur, dont pr\u00e8s de la moiti\u00e9 install\u00e9s \u00e0 l\u2019\u00e9tranger, ont \u00e9t\u00e9 invit\u00e9s \u00e0 la journ\u00e9e Fournisseurs organis\u00e9e, aujourd\u2019hui \u00e0 Rabat, \u00e0 l\u2019initiative d\u2019Alstom.<\/p>\n<\/div>\n<\/div>\n<\/div>\n<\/div>\n<p>Auteur: hgueye<br \/>\n<a href=\"https:\/\/www.leconomiste.com\/flash-infos\/alstom-ambitionne-de-contribuer-au-developpement-de-l-ecosysteme-ferroviaire-au-maroc\">Cliquez ici pour lire l&rsquo;article depuis sa source.<\/a><\/p>\n","protected":false},"excerpt":{"rendered":"<p>Le groupe Alstom s\u2019implique dans la cr\u00e9ation d\u2019un \u00e9cosyst\u00e8me local d\u00e9di\u00e9 au secteur ferroviaire pour notamment l\u2019accompagner dans la r\u00e9alisation de ses projets en cours et futurs au Maroc ou \u00e0 l\u2019\u00e9tranger. Ainsi, plus de 80 op\u00e9rateurs relevant de ce secteur, dont pr\u00e8s de la moiti\u00e9 install\u00e9s \u00e0 l\u2019\u00e9tranger, ont \u00e9t\u00e9 invit\u00e9s \u00e0 la journ\u00e9e [&hellip;]<\/p>\n","protected":false},"author":1763,"featured_media":0,"comment_status":"closed","ping_status":"closed","sticky":false,"template":"","format":"standard","meta":{"fifu_image_url":"","fifu_image_alt":"","footnotes":""},"categories":[78,54],"tags":[],"class_list":["post-150668","post","type-post","status-publish","format-standard","hentry","category-economie","category-maroc"],"_links":{"self":[{"href":"https:\/\/linitiative.ca\/International\/wp-json\/wp\/v2\/posts\/150668","targetHints":{"allow":["GET"]}}],"collection":[{"href":"https:\/\/linitiative.ca\/International\/wp-json\/wp\/v2\/posts"}],"about":[{"href":"https:\/\/linitiative.ca\/International\/wp-json\/wp\/v2\/types\/post"}],"author":[{"embeddable":true,"href":"https:\/\/linitiative.ca\/International\/wp-json\/wp\/v2\/users\/1763"}],"replies":[{"embeddable":true,"href":"https:\/\/linitiative.ca\/International\/wp-json\/wp\/v2\/comments?post=150668"}],"version-history":[{"count":0,"href":"https:\/\/linitiative.ca\/International\/wp-json\/wp\/v2\/posts\/150668\/revisions"}],"wp:attachment":[{"href":"https:\/\/linitiative.ca\/International\/wp-json\/wp\/v2\/media?parent=150668"}],"wp:term":[{"taxonomy":"category","embeddable":true,"href":"https:\/\/linitiative.ca\/International\/wp-json\/wp\/v2\/categories?post=150668"},{"taxonomy":"post_tag","embeddable":true,"href":"https:\/\/linitiative.ca\/International\/wp-json\/wp\/v2\/tags?post=150668"}],"curies":[{"name":"wp","href":"https:\/\/api.w.org\/{rel}","templated":true}]}}