{"id":150670,"date":"2022-06-21T05:18:00","date_gmt":"2022-06-21T09:18:00","guid":{"rendered":"https:\/\/linitiative.ca\/International\/real-asensio-interesse-deux-grands-clubs-mais\/"},"modified":"2022-06-21T05:18:00","modified_gmt":"2022-06-21T09:18:00","slug":"real-asensio-interesse-deux-grands-clubs-mais","status":"publish","type":"post","link":"https:\/\/linitiative.ca\/International\/real-asensio-interesse-deux-grands-clubs-mais\/","title":{"rendered":"Real : Asensio int\u00e9resse deux grands clubs, mais&#8230;"},"content":{"rendered":"<div>A en croire les informations de AS, Liverpool et Milan veulent s\u2019offrir les services de Marco Asensio cet \u00e9t\u00e9, \u00e0 un an de la fin de son contrat<\/div>\n<p>Auteur:<br \/>\n<a href=\"https:\/\/www.lebuteur.com\/article\/detail?titre=real-asensio-interesse-deux-grands-clubs-mais&#038;id=103038\">Cliquez ici pour lire l&rsquo;article depuis sa source.<\/a><\/p>\n","protected":false},"excerpt":{"rendered":"<p>A en croire les informations de AS, Liverpool et Milan veulent s\u2019offrir les services de Marco Asensio cet \u00e9t\u00e9, \u00e0 un an de la fin de son contrat Auteur: Cliquez ici pour lire l&rsquo;article depuis sa source.<\/p>\n","protected":false},"author":1738,"featured_media":0,"comment_status":"closed","ping_status":"closed","sticky":false,"template":"","format":"standard","meta":{"fifu_image_url":"","fifu_image_alt":"","footnotes":""},"categories":[53,75],"tags":[],"class_list":["post-150670","post","type-post","status-publish","format-standard","hentry","category-algerie","category-sport"],"_links":{"self":[{"href":"https:\/\/linitiative.ca\/International\/wp-json\/wp\/v2\/posts\/150670","targetHints":{"allow":["GET"]}}],"collection":[{"href":"https:\/\/linitiative.ca\/International\/wp-json\/wp\/v2\/posts"}],"about":[{"href":"https:\/\/linitiative.ca\/International\/wp-json\/wp\/v2\/types\/post"}],"author":[{"embeddable":true,"href":"https:\/\/linitiative.ca\/International\/wp-json\/wp\/v2\/users\/1738"}],"replies":[{"embeddable":true,"href":"https:\/\/linitiative.ca\/International\/wp-json\/wp\/v2\/comments?post=150670"}],"version-history":[{"count":0,"href":"https:\/\/linitiative.ca\/International\/wp-json\/wp\/v2\/posts\/150670\/revisions"}],"wp:attachment":[{"href":"https:\/\/linitiative.ca\/International\/wp-json\/wp\/v2\/media?parent=150670"}],"wp:term":[{"taxonomy":"category","embeddable":true,"href":"https:\/\/linitiative.ca\/International\/wp-json\/wp\/v2\/categories?post=150670"},{"taxonomy":"post_tag","embeddable":true,"href":"https:\/\/linitiative.ca\/International\/wp-json\/wp\/v2\/tags?post=150670"}],"curies":[{"name":"wp","href":"https:\/\/api.w.org\/{rel}","templated":true}]}}