{"id":150672,"date":"2022-06-21T08:48:00","date_gmt":"2022-06-21T12:48:00","guid":{"rendered":"https:\/\/linitiative.ca\/International\/brahimi-fait-ses-adieux-a-al-rayyan-et-sapprete-a-rejoindre\/"},"modified":"2022-06-21T08:48:00","modified_gmt":"2022-06-21T12:48:00","slug":"brahimi-fait-ses-adieux-a-al-rayyan-et-sapprete-a-rejoindre","status":"publish","type":"post","link":"https:\/\/linitiative.ca\/International\/brahimi-fait-ses-adieux-a-al-rayyan-et-sapprete-a-rejoindre\/","title":{"rendered":"Brahimi fait ses adieux \u00e0 Al-Rayyan et s&rsquo;appr\u00eate \u00e0 rejoindre&#8230;."},"content":{"rendered":"<div>L&rsquo;international alg\u00e9rien \u00e9voluera tout de m\u00eame dans le m\u00eame championnat la saison prochaine&#8230;<\/div>\n<p>Auteur:<br \/>\n<a href=\"https:\/\/www.lebuteur.com\/article\/detail?titre=brahimi-fait-ses-adieux-a-al-rayyan-et-sapprete-a-rejoindre&#038;id=103040\">Cliquez ici pour lire l&rsquo;article depuis sa source.<\/a><\/p>\n","protected":false},"excerpt":{"rendered":"<p>L&rsquo;international alg\u00e9rien \u00e9voluera tout de m\u00eame dans le m\u00eame championnat la saison prochaine&#8230; Auteur: Cliquez ici pour lire l&rsquo;article depuis sa source.<\/p>\n","protected":false},"author":1738,"featured_media":0,"comment_status":"closed","ping_status":"closed","sticky":false,"template":"","format":"standard","meta":{"fifu_image_url":"","fifu_image_alt":"","footnotes":""},"categories":[53,75],"tags":[],"class_list":["post-150672","post","type-post","status-publish","format-standard","hentry","category-algerie","category-sport"],"_links":{"self":[{"href":"https:\/\/linitiative.ca\/International\/wp-json\/wp\/v2\/posts\/150672","targetHints":{"allow":["GET"]}}],"collection":[{"href":"https:\/\/linitiative.ca\/International\/wp-json\/wp\/v2\/posts"}],"about":[{"href":"https:\/\/linitiative.ca\/International\/wp-json\/wp\/v2\/types\/post"}],"author":[{"embeddable":true,"href":"https:\/\/linitiative.ca\/International\/wp-json\/wp\/v2\/users\/1738"}],"replies":[{"embeddable":true,"href":"https:\/\/linitiative.ca\/International\/wp-json\/wp\/v2\/comments?post=150672"}],"version-history":[{"count":0,"href":"https:\/\/linitiative.ca\/International\/wp-json\/wp\/v2\/posts\/150672\/revisions"}],"wp:attachment":[{"href":"https:\/\/linitiative.ca\/International\/wp-json\/wp\/v2\/media?parent=150672"}],"wp:term":[{"taxonomy":"category","embeddable":true,"href":"https:\/\/linitiative.ca\/International\/wp-json\/wp\/v2\/categories?post=150672"},{"taxonomy":"post_tag","embeddable":true,"href":"https:\/\/linitiative.ca\/International\/wp-json\/wp\/v2\/tags?post=150672"}],"curies":[{"name":"wp","href":"https:\/\/api.w.org\/{rel}","templated":true}]}}