{"id":150674,"date":"2022-06-21T05:32:00","date_gmt":"2022-06-21T09:32:00","guid":{"rendered":"https:\/\/linitiative.ca\/International\/40e-jour-de-son-deces-mhammed-driss-un-visionnaire\/"},"modified":"2022-06-21T05:32:00","modified_gmt":"2022-06-21T09:32:00","slug":"40e-jour-de-son-deces-mhammed-driss-un-visionnaire","status":"publish","type":"post","link":"https:\/\/linitiative.ca\/International\/40e-jour-de-son-deces-mhammed-driss-un-visionnaire\/","title":{"rendered":"40e jour de son d\u00e9c\u00e8s: M\u2019hammed Driss, un visionnaire"},"content":{"rendered":"<div><img decoding=\"async\" src=\"https:\/\/linitiative.ca\/International\/wp-content\/uploads\/sites\/23\/2022\/06\/1655801018_article.jpg\" alt=\"40e jour de son d\u00e9c\u00e8s: M\u2019hammed Driss, un visionnaire \" align=\"left\">Un entrepreneur dans l\u2019\u00e2me, un visionnaire et un amoureux de Sousse, du Sahel et de la Tunisie ! M\u2019hammed Driss \u00e9tait tout cela \u00e0 la fois, la grandeur d\u2019\u00e2me et la g\u00e9n\u00e9rosit\u00e9 du c\u0153ur en plus. Quasi centenaire, avec sa disparition \u00e0 l\u2019\u00e2ge de 98 ans (il est n\u00e9 le 23 octobre 1923), il laisse le souvenir d\u2019un b\u00e2tisseur du tourisme, de l\u2019industrie et de l\u2019aquaculture. Son p\u00e8re, Si Ta\u00efeb, instituteur fort respect\u00e9, l\u2019incitait \u00e0 pousser loin ses \u00e9tudes, mais c\u2019est le monde du commerce et des affaires qui l\u2019attirera d\u00e8s son jeune \u00e2ge. L\u2019heureux destin voudra que le Lyc\u00e9e fran\u00e7ais international de Sousse, fond\u00e9 par sa fille Zohra, porte son nom\u2026 <\/p>\n<p>Le &#8230;<\/p>\n<\/div>\n<p>Auteur:<br \/>\n<a href=\"https:\/\/www.leaders.com.tn\/article\/33509-40e-jour-de-son-deces-m-hammed-driss-un-visionnaire\">Cliquez ici pour lire l&rsquo;article depuis sa source.<\/a><\/p>\n","protected":false},"excerpt":{"rendered":"<p>Un entrepreneur dans l\u2019\u00e2me, un visionnaire et un amoureux de Sousse, du Sahel et de la Tunisie ! M\u2019hammed Driss \u00e9tait tout cela \u00e0 la fois, la grandeur d\u2019\u00e2me et la g\u00e9n\u00e9rosit\u00e9 du c\u0153ur en plus. Quasi centenaire, avec sa disparition \u00e0 l\u2019\u00e2ge de 98 ans (il est n\u00e9 le 23 octobre 1923), il laisse [&hellip;]<\/p>\n","protected":false},"author":1772,"featured_media":0,"comment_status":"closed","ping_status":"closed","sticky":false,"template":"","format":"standard","meta":{"fifu_image_url":"http:\/\/www.leaders.com.tn\/uploads\/content\/thumbnails_small\/1655801018_article.jpg","fifu_image_alt":"40e jour de son d\u00e9c\u00e8s: M\u2019hammed Driss, un visionnaire","footnotes":""},"categories":[73,55],"tags":[],"class_list":["post-150674","post","type-post","status-publish","format-standard","hentry","category-actualite","category-tunisie"],"_links":{"self":[{"href":"https:\/\/linitiative.ca\/International\/wp-json\/wp\/v2\/posts\/150674","targetHints":{"allow":["GET"]}}],"collection":[{"href":"https:\/\/linitiative.ca\/International\/wp-json\/wp\/v2\/posts"}],"about":[{"href":"https:\/\/linitiative.ca\/International\/wp-json\/wp\/v2\/types\/post"}],"author":[{"embeddable":true,"href":"https:\/\/linitiative.ca\/International\/wp-json\/wp\/v2\/users\/1772"}],"replies":[{"embeddable":true,"href":"https:\/\/linitiative.ca\/International\/wp-json\/wp\/v2\/comments?post=150674"}],"version-history":[{"count":0,"href":"https:\/\/linitiative.ca\/International\/wp-json\/wp\/v2\/posts\/150674\/revisions"}],"wp:attachment":[{"href":"https:\/\/linitiative.ca\/International\/wp-json\/wp\/v2\/media?parent=150674"}],"wp:term":[{"taxonomy":"category","embeddable":true,"href":"https:\/\/linitiative.ca\/International\/wp-json\/wp\/v2\/categories?post=150674"},{"taxonomy":"post_tag","embeddable":true,"href":"https:\/\/linitiative.ca\/International\/wp-json\/wp\/v2\/tags?post=150674"}],"curies":[{"name":"wp","href":"https:\/\/api.w.org\/{rel}","templated":true}]}}