{"id":150676,"date":"2022-06-21T08:20:00","date_gmt":"2022-06-21T12:20:00","guid":{"rendered":"https:\/\/linitiative.ca\/International\/les-universitaires-la-transition-politique-et-le-developpement-economique-quelles-alternatives-pour-adresser-une-crise-multidimensionnelle-1\/"},"modified":"2022-06-21T08:20:00","modified_gmt":"2022-06-21T12:20:00","slug":"les-universitaires-la-transition-politique-et-le-developpement-economique-quelles-alternatives-pour-adresser-une-crise-multidimensionnelle-1","status":"publish","type":"post","link":"https:\/\/linitiative.ca\/International\/les-universitaires-la-transition-politique-et-le-developpement-economique-quelles-alternatives-pour-adresser-une-crise-multidimensionnelle-1\/","title":{"rendered":"Les universitaires, la transition politique et le d\u00e9veloppement \u00e9conomique. Quelles alternatives pour adresser une crise multidimensionnelle ?(1)"},"content":{"rendered":"<div><img decoding=\"async\" src=\"https:\/\/linitiative.ca\/International\/wp-content\/uploads\/sites\/23\/2022\/06\/1655811482_article.jpg\" alt=\"Les universitaires, la transition politique et le d\u00e9veloppement \u00e9conomique. Quelles alternatives pour adresser une crise multidimensionnelle ? \" align=\"left\">Par Riadh Zghal &#8211; Le positionnement de l\u2019universit\u00e9 et des universitaires dans le syst\u00e8me Tunisie ne tient pas qu\u2019\u00e0 ces derniers mais il est fortement d\u00e9termin\u00e9 par les choix politiques en mati\u00e8re \u00e9conomique et sociale ainsi que par l\u2019attitude des gouvernants envers la science et la technologie. C\u2019est pourquoi dans cette pr\u00e9sentation je parlerai de l\u2019enseignement sup\u00e9rieur et de la politique de gestion des affaires publiques.<br \/>\nCe sera en 4 points:<br \/>\n1. L\u2019universit\u00e9, pourquoi faire ?<br \/>\n2. Le mal de l\u2019enseignement sup\u00e9rieur et le changement n\u00e9cessaire<br \/>\n3. L\u2019universit\u00e9, le d\u00e9veloppement et la gouvernance<br \/>\n4. Le savoir et la recherche scientifique comme leviers du &#8230;<\/p>\n<\/div>\n<p>Auteur:<br \/>\n<a href=\"https:\/\/www.leaders.com.tn\/article\/33510-les-universitaires-la-transition-politique-et-le-developpement-economique-quelles-alternatives-pour-adresser-une-crise-multidimensionnelle\">Cliquez ici pour lire l&rsquo;article depuis sa source.<\/a><\/p>\n","protected":false},"excerpt":{"rendered":"<p>Par Riadh Zghal &#8211; Le positionnement de l\u2019universit\u00e9 et des universitaires dans le syst\u00e8me Tunisie ne tient pas qu\u2019\u00e0 ces derniers mais il est fortement d\u00e9termin\u00e9 par les choix politiques en mati\u00e8re \u00e9conomique et sociale ainsi que par l\u2019attitude des gouvernants envers la science et la technologie. C\u2019est pourquoi dans cette pr\u00e9sentation je parlerai de [&hellip;]<\/p>\n","protected":false},"author":1772,"featured_media":0,"comment_status":"closed","ping_status":"closed","sticky":false,"template":"","format":"standard","meta":{"fifu_image_url":"http:\/\/www.leaders.com.tn\/uploads\/content\/thumbnails_small\/1655811482_article.jpg","fifu_image_alt":"Les universitaires, la transition politique et le d\u00e9veloppement \u00e9conomique. Quelles alternatives pour adresser une crise multidimensionnelle ?(1)","footnotes":""},"categories":[73,55],"tags":[],"class_list":["post-150676","post","type-post","status-publish","format-standard","hentry","category-actualite","category-tunisie"],"_links":{"self":[{"href":"https:\/\/linitiative.ca\/International\/wp-json\/wp\/v2\/posts\/150676","targetHints":{"allow":["GET"]}}],"collection":[{"href":"https:\/\/linitiative.ca\/International\/wp-json\/wp\/v2\/posts"}],"about":[{"href":"https:\/\/linitiative.ca\/International\/wp-json\/wp\/v2\/types\/post"}],"author":[{"embeddable":true,"href":"https:\/\/linitiative.ca\/International\/wp-json\/wp\/v2\/users\/1772"}],"replies":[{"embeddable":true,"href":"https:\/\/linitiative.ca\/International\/wp-json\/wp\/v2\/comments?post=150676"}],"version-history":[{"count":0,"href":"https:\/\/linitiative.ca\/International\/wp-json\/wp\/v2\/posts\/150676\/revisions"}],"wp:attachment":[{"href":"https:\/\/linitiative.ca\/International\/wp-json\/wp\/v2\/media?parent=150676"}],"wp:term":[{"taxonomy":"category","embeddable":true,"href":"https:\/\/linitiative.ca\/International\/wp-json\/wp\/v2\/categories?post=150676"},{"taxonomy":"post_tag","embeddable":true,"href":"https:\/\/linitiative.ca\/International\/wp-json\/wp\/v2\/tags?post=150676"}],"curies":[{"name":"wp","href":"https:\/\/api.w.org\/{rel}","templated":true}]}}