{"id":150678,"date":"2022-06-21T11:20:00","date_gmt":"2022-06-21T15:20:00","guid":{"rendered":"https:\/\/linitiative.ca\/International\/boujemaa-remili-a-condition-que-la-tunisie-puisse-tenir-jusque-la\/"},"modified":"2022-06-21T11:20:00","modified_gmt":"2022-06-21T15:20:00","slug":"boujemaa-remili-a-condition-que-la-tunisie-puisse-tenir-jusque-la","status":"publish","type":"post","link":"https:\/\/linitiative.ca\/International\/boujemaa-remili-a-condition-que-la-tunisie-puisse-tenir-jusque-la\/","title":{"rendered":"Boujemaa Remili: A condition que la Tunisie puisse tenir jusque-l\u00e0\u2026"},"content":{"rendered":"<div><img decoding=\"async\" src=\"https:\/\/linitiative.ca\/International\/wp-content\/uploads\/sites\/23\/2022\/06\/1655798639_article.jpg\" alt=\"Boujemaa Remili: A condition que la Tunisie puisse tenir jusque-l\u00e0\u2026 \" align=\"left\">Boujemaa Remili est tr\u00e8s sceptique quant \u00e0 l\u2019aboutissement r\u00e9ussi du projet de Ka\u00efs Sa\u00efed. Pour l\u2019ancien dirigeant de Nidaa Tounes, pass\u00e9 auparavant par le syndicalisme ouvrier au sein de l\u2019Ugtt, le parti communiste et Attajdid, \u00abla d\u00e9marche planifi\u00e9e et mise \u00e0 ex\u00e9cution par Ka\u00efs Sa\u00efed, avec comme \u00e9tape ultime le 17 d\u00e9cembre 2022, est vou\u00e9e \u00e0 l\u2019\u00e9chec.\u00bb Dans un r\u00e9cit autobiographique qu\u2019il publie sous le titre de Tarversade (Editions Nirvana), il estime que \u00abs\u2019il y avait un nouvel horizon \u00e0 retenir, cela ne peut \u00eatre que celui de 2024, de la prochaine \u00e9lection pr\u00e9sidentielle, \u00e0 condition que la Tunisie puisse tenir jusque-l\u00e0\u00bb.<\/p>\n<\/div>\n<p>Auteur:<br \/>\n<a href=\"https:\/\/www.leaders.com.tn\/article\/33508-boujemaa-remili-a-condition-que-la-tunisie-puisse-tenir-jusque-la\">Cliquez ici pour lire l&rsquo;article depuis sa source.<\/a><\/p>\n","protected":false},"excerpt":{"rendered":"<p>Boujemaa Remili est tr\u00e8s sceptique quant \u00e0 l\u2019aboutissement r\u00e9ussi du projet de Ka\u00efs Sa\u00efed. Pour l\u2019ancien dirigeant de Nidaa Tounes, pass\u00e9 auparavant par le syndicalisme ouvrier au sein de l\u2019Ugtt, le parti communiste et Attajdid, \u00abla d\u00e9marche planifi\u00e9e et mise \u00e0 ex\u00e9cution par Ka\u00efs Sa\u00efed, avec comme \u00e9tape ultime le 17 d\u00e9cembre 2022, est vou\u00e9e [&hellip;]<\/p>\n","protected":false},"author":1772,"featured_media":0,"comment_status":"closed","ping_status":"closed","sticky":false,"template":"","format":"standard","meta":{"fifu_image_url":"http:\/\/www.leaders.com.tn\/uploads\/content\/thumbnails_small\/1655798639_article.jpg","fifu_image_alt":"Boujemaa Remili: A condition que la Tunisie puisse tenir jusque-l\u00e0\u2026","footnotes":""},"categories":[73,55],"tags":[],"class_list":["post-150678","post","type-post","status-publish","format-standard","hentry","category-actualite","category-tunisie"],"_links":{"self":[{"href":"https:\/\/linitiative.ca\/International\/wp-json\/wp\/v2\/posts\/150678","targetHints":{"allow":["GET"]}}],"collection":[{"href":"https:\/\/linitiative.ca\/International\/wp-json\/wp\/v2\/posts"}],"about":[{"href":"https:\/\/linitiative.ca\/International\/wp-json\/wp\/v2\/types\/post"}],"author":[{"embeddable":true,"href":"https:\/\/linitiative.ca\/International\/wp-json\/wp\/v2\/users\/1772"}],"replies":[{"embeddable":true,"href":"https:\/\/linitiative.ca\/International\/wp-json\/wp\/v2\/comments?post=150678"}],"version-history":[{"count":0,"href":"https:\/\/linitiative.ca\/International\/wp-json\/wp\/v2\/posts\/150678\/revisions"}],"wp:attachment":[{"href":"https:\/\/linitiative.ca\/International\/wp-json\/wp\/v2\/media?parent=150678"}],"wp:term":[{"taxonomy":"category","embeddable":true,"href":"https:\/\/linitiative.ca\/International\/wp-json\/wp\/v2\/categories?post=150678"},{"taxonomy":"post_tag","embeddable":true,"href":"https:\/\/linitiative.ca\/International\/wp-json\/wp\/v2\/tags?post=150678"}],"curies":[{"name":"wp","href":"https:\/\/api.w.org\/{rel}","templated":true}]}}