{"id":150680,"date":"2022-06-21T11:39:00","date_gmt":"2022-06-21T15:39:00","guid":{"rendered":"https:\/\/linitiative.ca\/International\/le-parcours-de-leila-chikhaoui-mahdaoui-ministre-de-lenvironnement\/"},"modified":"2022-06-21T11:39:00","modified_gmt":"2022-06-21T15:39:00","slug":"le-parcours-de-leila-chikhaoui-mahdaoui-ministre-de-lenvironnement","status":"publish","type":"post","link":"https:\/\/linitiative.ca\/International\/le-parcours-de-leila-chikhaoui-mahdaoui-ministre-de-lenvironnement\/","title":{"rendered":"Le parcours de Leila Chikhaoui-Mahdaoui, ministre de l\u2019environnement"},"content":{"rendered":"<div><img decoding=\"async\" src=\"https:\/\/linitiative.ca\/International\/wp-content\/uploads\/sites\/23\/2022\/06\/1655822925_article.jpg\" alt=\"Le parcours de Leila Chikhaoui-Mahdaoui, ministre de l\u2019environnement\" align=\"left\">\u2022 N\u00e9e le 15 ao\u00fbt 1966, a\u00een\u00e9e de 3 filles<br \/>\n\u2022 Mari\u00e9e, m\u00e8re d\u2019une fille et grand-m\u00e8re d\u2019un petit gar\u00e7on<br \/>\n\u00c9tudes<br \/>\n\u2022 1988 : licence en droit de la Facult\u00e9 de droit et des sciences politiques de Tunis, Prix pr\u00e9sidentiel<br \/>\n\u2022 1988 : certificat d\u2019aptitude \u00e0 la profession d\u2019avocat (CAPA) et stage au cabinet de Me Mohamed Mahfoudh<br \/>\n\u2022 1990 : DEA en droit public<br \/>\n\u2022 1996 : doctorat en droit de l\u2019Universit\u00e9 Paris 1, Panth\u00e9on-Sorbonne<br \/>\n\u2022 1996 : habilitation \u00e0 diriger des recherches en droit<br \/>\n\u2022 2002 : agr\u00e9gation en droit public<br \/>\n\u2022 2007 : professorat en droit public<br \/>\nEnseignement<br \/>\n\u2022 1990-2002 : assistante \u00e0 la Facult\u00e9 de droit et des sciences politiques de &#8230;<\/p>\n<\/div>\n<p>Auteur:<br \/>\n<a href=\"https:\/\/www.leaders.com.tn\/article\/33511-le-parcours-de-leila-chikhaoui-mahdaoui-ministre-de-l-environnement\">Cliquez ici pour lire l&rsquo;article depuis sa source.<\/a><\/p>\n","protected":false},"excerpt":{"rendered":"<p>\u2022 N\u00e9e le 15 ao\u00fbt 1966, a\u00een\u00e9e de 3 filles \u2022 Mari\u00e9e, m\u00e8re d\u2019une fille et grand-m\u00e8re d\u2019un petit gar\u00e7on \u00c9tudes \u2022 1988 : licence en droit de la Facult\u00e9 de droit et des sciences politiques de Tunis, Prix pr\u00e9sidentiel \u2022 1988 : certificat d\u2019aptitude \u00e0 la profession d\u2019avocat (CAPA) et stage au cabinet de [&hellip;]<\/p>\n","protected":false},"author":1772,"featured_media":0,"comment_status":"closed","ping_status":"closed","sticky":false,"template":"","format":"standard","meta":{"fifu_image_url":"http:\/\/www.leaders.com.tn\/uploads\/content\/thumbnails_small\/1655822925_article.jpg","fifu_image_alt":"Le parcours de Leila Chikhaoui-Mahdaoui, ministre de l\u2019environnement","footnotes":""},"categories":[73,55],"tags":[],"class_list":["post-150680","post","type-post","status-publish","format-standard","hentry","category-actualite","category-tunisie"],"_links":{"self":[{"href":"https:\/\/linitiative.ca\/International\/wp-json\/wp\/v2\/posts\/150680","targetHints":{"allow":["GET"]}}],"collection":[{"href":"https:\/\/linitiative.ca\/International\/wp-json\/wp\/v2\/posts"}],"about":[{"href":"https:\/\/linitiative.ca\/International\/wp-json\/wp\/v2\/types\/post"}],"author":[{"embeddable":true,"href":"https:\/\/linitiative.ca\/International\/wp-json\/wp\/v2\/users\/1772"}],"replies":[{"embeddable":true,"href":"https:\/\/linitiative.ca\/International\/wp-json\/wp\/v2\/comments?post=150680"}],"version-history":[{"count":0,"href":"https:\/\/linitiative.ca\/International\/wp-json\/wp\/v2\/posts\/150680\/revisions"}],"wp:attachment":[{"href":"https:\/\/linitiative.ca\/International\/wp-json\/wp\/v2\/media?parent=150680"}],"wp:term":[{"taxonomy":"category","embeddable":true,"href":"https:\/\/linitiative.ca\/International\/wp-json\/wp\/v2\/categories?post=150680"},{"taxonomy":"post_tag","embeddable":true,"href":"https:\/\/linitiative.ca\/International\/wp-json\/wp\/v2\/tags?post=150680"}],"curies":[{"name":"wp","href":"https:\/\/api.w.org\/{rel}","templated":true}]}}