{"id":150682,"date":"2022-06-21T13:47:00","date_gmt":"2022-06-21T17:47:00","guid":{"rendered":"https:\/\/linitiative.ca\/International\/la-democratie-tunisienne-un-village-potemkine-sud-mediterraneen\/"},"modified":"2022-06-21T13:47:00","modified_gmt":"2022-06-21T17:47:00","slug":"la-democratie-tunisienne-un-village-potemkine-sud-mediterraneen","status":"publish","type":"post","link":"https:\/\/linitiative.ca\/International\/la-democratie-tunisienne-un-village-potemkine-sud-mediterraneen\/","title":{"rendered":"La d\u00e9mocratie tunisienne : un village Potemkine sud-m\u00e9diterran\u00e9en"},"content":{"rendered":"<div><img decoding=\"async\" src=\"https:\/\/linitiative.ca\/International\/wp-content\/uploads\/sites\/23\/2022\/06\/1655834637_article.jpg\" alt=\"La d\u00e9mocratie tunisienne : un village Potemkine sud-m\u00e9diterran\u00e9en\" align=\"left\">\u00ab\u0627\u0644\u0634\u0639\u0628 \u064a\u0631\u064a\u062f \u0627\u0633\u0642\u0627\u0637 \u0627\u0644\u0646\u0638\u0627\u0645\u00bb : le peuple veut la chute du r\u00e9gime<\/p>\n<p>Par Eya Bibani &#8211; Scand\u00e9s avec vigueur dans les rues de Tunisie en 2011, ces mots sont devenus une exhortation \u00e0 la d\u00e9mocratie, le peuple ne voulant plus de l\u2019ancien r\u00e9gime de Zine El-Abidine Ben Ali, jug\u00e9 dictatorial, parfois oppressif.<br \/>\nLa d\u00e9mocratie, du grec demos, \u00ab le peuple \u00bb et kratos, \u00able pouvoir\u00bb, est un r\u00e9gime politique occidental, n\u00e9 en Gr\u00e8ce au Ve si\u00e8cle de l&rsquo;\u00e8re. Elle repose aujourd\u2019hui sur plusieurs piliers pour \u00eatre effective, dont la libert\u00e9 d\u2019expression, la libert\u00e9 de la presse, l\u2019organisation d\u2019\u00e9lections libres et le pluralisme politique. Cependant, un grand &#8230;<\/p>\n<\/div>\n<p>Auteur:<br \/>\n<a href=\"https:\/\/www.leaders.com.tn\/article\/33512-la-democratie-tunisienne-un-village-potemkine-sud-mediterraneen\">Cliquez ici pour lire l&rsquo;article depuis sa source.<\/a><\/p>\n","protected":false},"excerpt":{"rendered":"<p>\u00ab\u0627\u0644\u0634\u0639\u0628 \u064a\u0631\u064a\u062f \u0627\u0633\u0642\u0627\u0637 \u0627\u0644\u0646\u0638\u0627\u0645\u00bb : le peuple veut la chute du r\u00e9gime Par Eya Bibani &#8211; Scand\u00e9s avec vigueur dans les rues de Tunisie en 2011, ces mots sont devenus une exhortation \u00e0 la d\u00e9mocratie, le peuple ne voulant plus de l\u2019ancien r\u00e9gime de Zine El-Abidine Ben Ali, jug\u00e9 dictatorial, parfois oppressif. La d\u00e9mocratie, du [&hellip;]<\/p>\n","protected":false},"author":1772,"featured_media":0,"comment_status":"closed","ping_status":"closed","sticky":false,"template":"","format":"standard","meta":{"fifu_image_url":"http:\/\/www.leaders.com.tn\/uploads\/content\/thumbnails_small\/1655834637_article.jpg","fifu_image_alt":"La d\u00e9mocratie tunisienne : un village Potemkine sud-m\u00e9diterran\u00e9en","footnotes":""},"categories":[73,55],"tags":[],"class_list":["post-150682","post","type-post","status-publish","format-standard","hentry","category-actualite","category-tunisie"],"_links":{"self":[{"href":"https:\/\/linitiative.ca\/International\/wp-json\/wp\/v2\/posts\/150682","targetHints":{"allow":["GET"]}}],"collection":[{"href":"https:\/\/linitiative.ca\/International\/wp-json\/wp\/v2\/posts"}],"about":[{"href":"https:\/\/linitiative.ca\/International\/wp-json\/wp\/v2\/types\/post"}],"author":[{"embeddable":true,"href":"https:\/\/linitiative.ca\/International\/wp-json\/wp\/v2\/users\/1772"}],"replies":[{"embeddable":true,"href":"https:\/\/linitiative.ca\/International\/wp-json\/wp\/v2\/comments?post=150682"}],"version-history":[{"count":0,"href":"https:\/\/linitiative.ca\/International\/wp-json\/wp\/v2\/posts\/150682\/revisions"}],"wp:attachment":[{"href":"https:\/\/linitiative.ca\/International\/wp-json\/wp\/v2\/media?parent=150682"}],"wp:term":[{"taxonomy":"category","embeddable":true,"href":"https:\/\/linitiative.ca\/International\/wp-json\/wp\/v2\/categories?post=150682"},{"taxonomy":"post_tag","embeddable":true,"href":"https:\/\/linitiative.ca\/International\/wp-json\/wp\/v2\/tags?post=150682"}],"curies":[{"name":"wp","href":"https:\/\/api.w.org\/{rel}","templated":true}]}}