{"id":150698,"date":"2022-06-21T16:14:44","date_gmt":"2022-06-21T20:14:44","guid":{"rendered":"https:\/\/linitiative.ca\/International\/manif-interdite-du-fndc-en-guinee-faut-il-craindre-le-pire\/"},"modified":"2022-06-21T16:14:44","modified_gmt":"2022-06-21T20:14:44","slug":"manif-interdite-du-fndc-en-guinee-faut-il-craindre-le-pire","status":"publish","type":"post","link":"https:\/\/linitiative.ca\/International\/manif-interdite-du-fndc-en-guinee-faut-il-craindre-le-pire\/","title":{"rendered":"MANIF INTERDITE DU FNDC EN GUINEE : Faut-il craindre le pire\u00a0?"},"content":{"rendered":"<div>\n<p><img loading=\"lazy\" decoding=\"async\" width=\"1080\" height=\"608\" src=\"https:\/\/lepays.bf\/wp-content\/uploads\/2022\/06\/guinee.webp\" class=\"attachment- size- wp-post-image\" alt=\"\" style=\"float:left; margin:0 15px 15px 0;\" srcset=\"https:\/\/lepays.bf\/wp-content\/uploads\/2022\/06\/guinee.webp 1080w, https:\/\/lepays.bf\/wp-content\/uploads\/2022\/06\/guinee-300x169.webp 300w, https:\/\/lepays.bf\/wp-content\/uploads\/2022\/06\/guinee-1024x576.webp 1024w, https:\/\/lepays.bf\/wp-content\/uploads\/2022\/06\/guinee-150x84.webp 150w, https:\/\/lepays.bf\/wp-content\/uploads\/2022\/06\/guinee-768x432.webp 768w\" sizes=\"auto, (max-width: 1080px) 100vw, 1080px\">Le Front national pour la d\u00e9fense de la Constitution (FNDC), du nom de cette plateforme compos\u00e9e d\u2019organisations de la soci\u00e9t\u00e9 civile port\u00e9e sur les fonts baptismaux en 2019, contre le troisi\u00e8me mandat de l\u2019ex-pr\u00e9sident Alpha Cond\u00e9, renoue avec la rue. Il appelle \u00e0 manifester le [\u2026]<\/p>\n<p>L\u2019article <a rel=\"nofollow\" href=\"https:\/\/lepays.bf\/manif-interdite-du-fndc-en-guinee-faut-il-craindre-le-pire\/\">MANIF INTERDITE DU FNDC EN GUINEE : Faut-il craindre le pire\u00a0?<\/a> est apparu en premier sur <a rel=\"nofollow\" href=\"https:\/\/lepays.bf\/\">Editions Le Pays<\/a>.<\/p>\n<\/div>\n<p>Auteur: Editions LEPAYS<br \/>\n<a href=\"https:\/\/lepays.bf\/manif-interdite-du-fndc-en-guinee-faut-il-craindre-le-pire\/\">Cliquez ici pour lire l&rsquo;article depuis sa source.<\/a><\/p>\n","protected":false},"excerpt":{"rendered":"<p>Le Front national pour la d\u00e9fense de la Constitution (FNDC), du nom de cette plateforme compos\u00e9e d\u2019organisations de la soci\u00e9t\u00e9 civile port\u00e9e sur les fonts baptismaux en 2019, contre le troisi\u00e8me mandat de l\u2019ex-pr\u00e9sident Alpha Cond\u00e9, renoue avec la rue. Il appelle \u00e0 manifester le [\u2026] L\u2019article MANIF INTERDITE DU FNDC EN GUINEE : Faut-il [&hellip;]<\/p>\n","protected":false},"author":1813,"featured_media":0,"comment_status":"closed","ping_status":"closed","sticky":false,"template":"","format":"standard","meta":{"fifu_image_url":"https:\/\/lepays.bf\/wp-content\/uploads\/2022\/06\/guinee.webp","fifu_image_alt":"MANIF INTERDITE DU FNDC EN GUINEE : Faut-il craindre le pire\u00a0?","footnotes":""},"categories":[73,81],"tags":[],"class_list":["post-150698","post","type-post","status-publish","format-standard","hentry","category-actualite","category-burkina-faso"],"_links":{"self":[{"href":"https:\/\/linitiative.ca\/International\/wp-json\/wp\/v2\/posts\/150698","targetHints":{"allow":["GET"]}}],"collection":[{"href":"https:\/\/linitiative.ca\/International\/wp-json\/wp\/v2\/posts"}],"about":[{"href":"https:\/\/linitiative.ca\/International\/wp-json\/wp\/v2\/types\/post"}],"author":[{"embeddable":true,"href":"https:\/\/linitiative.ca\/International\/wp-json\/wp\/v2\/users\/1813"}],"replies":[{"embeddable":true,"href":"https:\/\/linitiative.ca\/International\/wp-json\/wp\/v2\/comments?post=150698"}],"version-history":[{"count":0,"href":"https:\/\/linitiative.ca\/International\/wp-json\/wp\/v2\/posts\/150698\/revisions"}],"wp:attachment":[{"href":"https:\/\/linitiative.ca\/International\/wp-json\/wp\/v2\/media?parent=150698"}],"wp:term":[{"taxonomy":"category","embeddable":true,"href":"https:\/\/linitiative.ca\/International\/wp-json\/wp\/v2\/categories?post=150698"},{"taxonomy":"post_tag","embeddable":true,"href":"https:\/\/linitiative.ca\/International\/wp-json\/wp\/v2\/tags?post=150698"}],"curies":[{"name":"wp","href":"https:\/\/api.w.org\/{rel}","templated":true}]}}