{"id":150701,"date":"2022-06-21T11:26:25","date_gmt":"2022-06-21T15:26:25","guid":{"rendered":"https:\/\/linitiative.ca\/International\/situation-nationale-le-president-damiba-echange-avec-les-anciens-chefs-detat-roch-kabore-et-jean-baptiste-ouedraogo\/"},"modified":"2022-06-21T11:26:25","modified_gmt":"2022-06-21T15:26:25","slug":"situation-nationale-le-president-damiba-echange-avec-les-anciens-chefs-detat-roch-kabore-et-jean-baptiste-ouedraogo","status":"publish","type":"post","link":"https:\/\/linitiative.ca\/International\/situation-nationale-le-president-damiba-echange-avec-les-anciens-chefs-detat-roch-kabore-et-jean-baptiste-ouedraogo\/","title":{"rendered":"Situation nationale : le Pr\u00e9sident DAMIBA \u00e9change avec les anciens Chefs d\u2019Etat Roch KABORE et Jean-Baptiste OUEDRAOGO"},"content":{"rendered":"<div>\n<p>Le Pr\u00e9sident du Faso, le Lieutenant-colonel Paul-Henri Sandaogo DAMIBA, a re\u00e7u en audience, ce matin les anciens Chefs d\u2019Etat, Roch Marc Christian KABORE et Jean-Baptiste OUEDRAOGO.<\/p>\n<p>Le Lieutenant-colonel Paul-Henri Sandaogo DAMIBA et ses deux pr\u00e9d\u00e9cesseurs \u00e0 la t\u00eate de l\u2019\u00c9tat burkinab\u00e8 ont \u00e9chang\u00e9 sur les questions s\u00e9curitaires, la conduite de la Transition et bien d\u2019autres sujets d\u2019int\u00e9r\u00eat national. La rencontre entre ces trois personnalit\u00e9s t\u00e9moigne de la volont\u00e9 de r\u00e9conciliation du Chef de l\u2019\u00c9tat, pour un Burkina uni, d\u00e9termin\u00e9 et solidaire dans la lutte contre l\u2019hydre terroriste.<\/p>\n<p><img decoding=\"async\" data-attachment-id=\"51237\" data-permalink=\"https:\/\/www.sidwaya.info\/blog\/2022\/06\/21\/situation-nationale-le-president-damiba-echange-avec-les-anciens-chefs-detat-roch-kabore-et-jean-baptiste-ouedraogo\/ph-presi-3\/\" data-orig-file=\"https:\/\/linitiative.ca\/International\/wp-content\/uploads\/sites\/23\/2022\/06\/Ph-presi.jpeg\" data-orig-size=\"960,640\" data-comments-opened=\"1\" data-image-meta='{\"aperture\":\"0\",\"credit\":\"\",\"camera\":\"\",\"caption\":\"\",\"created_timestamp\":\"0\",\"copyright\":\"\",\"focal_length\":\"0\",\"iso\":\"0\",\"shutter_speed\":\"0\",\"title\":\"\",\"orientation\":\"0\"}' data-image-title=\"Ph presi\" data-image-description=\"\" data-image-caption=\"\" data-medium-file=\"https:\/\/www.sidwaya.info\/wp-content\/uploads\/2022\/06\/Ph-presi-300x200.jpeg\" data-large-file=\"https:\/\/linitiative.ca\/International\/wp-content\/uploads\/sites\/23\/2022\/06\/Ph-presi.jpeg\" loading=\"lazy\" class=\"alignnone size-full wp-image-51237\" src=\"https:\/\/linitiative.ca\/International\/wp-content\/uploads\/sites\/23\/2022\/06\/Ph-presi.jpeg\" alt=\"\" width=\"960\" height=\"640\" srcset=\"https:\/\/linitiative.ca\/International\/wp-content\/uploads\/sites\/23\/2022\/06\/Ph-presi.jpeg 960w, https:\/\/www.sidwaya.info\/wp-content\/uploads\/2022\/06\/Ph-presi-300x200.jpeg 300w, https:\/\/www.sidwaya.info\/wp-content\/uploads\/2022\/06\/Ph-presi-768x512.jpeg 768w, https:\/\/www.sidwaya.info\/wp-content\/uploads\/2022\/06\/Ph-presi-150x100.jpeg 150w, https:\/\/www.sidwaya.info\/wp-content\/uploads\/2022\/06\/Ph-presi-696x464.jpeg 696w, https:\/\/www.sidwaya.info\/wp-content\/uploads\/2022\/06\/Ph-presi-630x420.jpeg 630w\" sizes=\"auto, (max-width: 960px) 100vw, 960px\"><\/p>\n<p>Elle traduit la mat\u00e9rialisation de l\u2019appel \u00e0 l\u2019unit\u00e9 nationale et \u00e0 la coh\u00e9sion sociale lanc\u00e9 par le Pr\u00e9sident du Faso pour plus de coh\u00e9sion sociale et pour un Burkina r\u00e9concili\u00e9 avec lui-m\u00eame et son histoire.<\/p>\n<p>Cette audience est le d\u00e9but d\u2019une s\u00e9rie d\u2019actions envisag\u00e9es par le Chef de l\u2019Etat en vue de d\u00e9crisper la situation politique et favoriser la participation de toutes les filles et tous les fils du Burkina \u00e0 l\u2019\u0153uvre de refondation nationale.<\/p>\n<p><strong>Direction de la communication de la Pr\u00e9sidence du Faso<\/strong><\/p>\n<p>\u00a0<\/p>\n<p>\u00a0<\/p>\n<p>\u00a0<\/p>\n<\/div>\n<p>Auteur: Wamini SIDWAYA<br \/>\n<a href=\"https:\/\/www.sidwaya.info\/blog\/2022\/06\/21\/situation-nationale-le-president-damiba-echange-avec-les-anciens-chefs-detat-roch-kabore-et-jean-baptiste-ouedraogo\/\">Cliquez ici pour lire l&rsquo;article depuis sa source.<\/a><\/p>\n","protected":false},"excerpt":{"rendered":"<p>Le Pr\u00e9sident du Faso, le Lieutenant-colonel Paul-Henri Sandaogo DAMIBA, a re\u00e7u en audience, ce matin les anciens Chefs d\u2019Etat, Roch Marc Christian KABORE et Jean-Baptiste OUEDRAOGO. Le Lieutenant-colonel Paul-Henri Sandaogo DAMIBA et ses deux pr\u00e9d\u00e9cesseurs \u00e0 la t\u00eate de l\u2019\u00c9tat burkinab\u00e8 ont \u00e9chang\u00e9 sur les questions s\u00e9curitaires, la conduite de la Transition et bien d\u2019autres [&hellip;]<\/p>\n","protected":false},"author":1816,"featured_media":0,"comment_status":"closed","ping_status":"closed","sticky":false,"template":"","format":"standard","meta":{"fifu_image_url":"https:\/\/www.sidwaya.info\/wp-content\/uploads\/2022\/06\/Ph-presi.jpeg","fifu_image_alt":"Situation nationale : le Pr\u00e9sident DAMIBA \u00e9change avec les anciens Chefs d\u2019Etat Roch KABORE et Jean-Baptiste OUEDRAOGO","footnotes":""},"categories":[73,81],"tags":[],"class_list":["post-150701","post","type-post","status-publish","format-standard","hentry","category-actualite","category-burkina-faso"],"_links":{"self":[{"href":"https:\/\/linitiative.ca\/International\/wp-json\/wp\/v2\/posts\/150701","targetHints":{"allow":["GET"]}}],"collection":[{"href":"https:\/\/linitiative.ca\/International\/wp-json\/wp\/v2\/posts"}],"about":[{"href":"https:\/\/linitiative.ca\/International\/wp-json\/wp\/v2\/types\/post"}],"author":[{"embeddable":true,"href":"https:\/\/linitiative.ca\/International\/wp-json\/wp\/v2\/users\/1816"}],"replies":[{"embeddable":true,"href":"https:\/\/linitiative.ca\/International\/wp-json\/wp\/v2\/comments?post=150701"}],"version-history":[{"count":0,"href":"https:\/\/linitiative.ca\/International\/wp-json\/wp\/v2\/posts\/150701\/revisions"}],"wp:attachment":[{"href":"https:\/\/linitiative.ca\/International\/wp-json\/wp\/v2\/media?parent=150701"}],"wp:term":[{"taxonomy":"category","embeddable":true,"href":"https:\/\/linitiative.ca\/International\/wp-json\/wp\/v2\/categories?post=150701"},{"taxonomy":"post_tag","embeddable":true,"href":"https:\/\/linitiative.ca\/International\/wp-json\/wp\/v2\/tags?post=150701"}],"curies":[{"name":"wp","href":"https:\/\/api.w.org\/{rel}","templated":true}]}}