{"id":150703,"date":"2022-06-21T11:28:46","date_gmt":"2022-06-21T15:28:46","guid":{"rendered":"https:\/\/linitiative.ca\/International\/bobo-dioulasso-une-marche-dispersee-par-les-forces-de-lordre\/"},"modified":"2022-06-21T11:28:46","modified_gmt":"2022-06-21T15:28:46","slug":"bobo-dioulasso-une-marche-dispersee-par-les-forces-de-lordre","status":"publish","type":"post","link":"https:\/\/linitiative.ca\/International\/bobo-dioulasso-une-marche-dispersee-par-les-forces-de-lordre\/","title":{"rendered":"Bobo-Dioulasso\u00a0: Une marche dispers\u00e9e par les forces de l\u2019ordre"},"content":{"rendered":"<div>\n<p><strong>Une manifestation a \u00e9t\u00e9 dispers\u00e9e par les forces de l\u2019ordre, \u00e0 la Place Ti\u00e9fo Amoro, le mardi 21 juin 2022 \u00e0 Bobo-Dioulasso. Cette marche n\u2019aurait pas re\u00e7u l\u2019autorisation de l\u2019autorit\u00e9 communale. <\/strong><\/p>\n<p>A notre arriv\u00e9e, ce mardi 21 juin 2022 \u00e0 10 h 30 mn, la place Ti\u00e9fo Amoro de Bobo-Dioulasso, \u00e9tait presque vide. Seuls 4 pickups de gendarmes occupaient les lieux. En face, de l\u2019autre c\u00f4t\u00e9 du goudron, quelques personnes sont r\u00e9unies sous l\u2019ombre d\u2019un arbre, certains debout d\u2019autres assis sur des motos. Plus t\u00f4t, il y avait sur l\u2019espace Ti\u00e9fo Amoro un attroupement de manifestants qui a \u00e9t\u00e9 dispers\u00e9 par les forces de l\u2019ordre.<\/p>\n<p>Au march\u00e9 central de Bobo-Dioulasso, les diff\u00e9rentes entr\u00e9es sont rabattues, m\u00eame si les alentours grouillent toujours de monde. Les boutiques externes du march\u00e9 sont ferm\u00e9es. Aucune pr\u00e9sence de la police municipale qui, d\u2019habitude garde de l\u2019ext\u00e9rieur les entr\u00e9es du march\u00e9. Un pickup de pandores qui faisait le tour du march\u00e9 dans le sens interdit.<\/p>\n<p>Quelques manifestants, des motocyclistes constitu\u00e9s pour la plupart de jeunes, un drapeau russe brandi, sous les klaxons des motos, faisaient le tour du march\u00e9. Ils se dispersent \u00e0 l\u2019arriv\u00e9e des gendarmes avant de se r\u00e9unir apr\u00e8s leur d\u00e9part. Au constat, il n\u2019y a eu aucun acte de violence ou de vandalisme, jusqu\u2019\u00e0 ce que nous quittions les lieux autour de 11h. Joint au t\u00e9l\u00e9phone, un des responsables de la structure de gestion du march\u00e9, pr\u00e9cise que c\u2019est par pr\u00e9caution que les boutiques p\u00e9riph\u00e9riques ainsi que les entr\u00e9es ont \u00e9t\u00e9 ferm\u00e9es.<\/p>\n<p>En rappel, une demande d\u2019autorisation de marche de <em>\u00ab\u00a0l\u2019Association alternative de veille citoyenne des acteurs \u00e9conomiques pour le d\u00e9veloppement du Burkina Faso\u00a0\u00bb <\/em>pour ce jour a \u00e9t\u00e9 rejet\u00e9e par l\u2019autorit\u00e9 communale. Cette marche visait \u00e0 \u00ab\u00a0<em>interpeller les populations de la ville et les d\u00e9cideurs, sur la n\u00e9cessit\u00e9 de la prise en compte des solutions pour la r\u00e9solution des crises s\u00e9curitaires et \u00e9conomiques dans notre pays\u00a0<\/em>\u00bb. Contact\u00e9s au t\u00e9l\u00e9phone, les responsables de l\u2019association n\u2019ont pas voulu se prononcer sur le sujet.<\/p>\n<p><strong>La R\u00e9daction de l\u2019Ouest<\/strong><\/p>\n<\/div>\n<p>Auteur: Wamini SIDWAYA<br \/>\n<a href=\"https:\/\/www.sidwaya.info\/blog\/2022\/06\/21\/bobo-dioulasso-une-marche-dispersee-par-les-forces-de-lordre\/\">Cliquez ici pour lire l&rsquo;article depuis sa source.<\/a><\/p>\n","protected":false},"excerpt":{"rendered":"<p>Une manifestation a \u00e9t\u00e9 dispers\u00e9e par les forces de l\u2019ordre, \u00e0 la Place Ti\u00e9fo Amoro, le mardi 21 juin 2022 \u00e0 Bobo-Dioulasso. Cette marche n\u2019aurait pas re\u00e7u l\u2019autorisation de l\u2019autorit\u00e9 communale. A notre arriv\u00e9e, ce mardi 21 juin 2022 \u00e0 10 h 30 mn, la place Ti\u00e9fo Amoro de Bobo-Dioulasso, \u00e9tait presque vide. Seuls 4 [&hellip;]<\/p>\n","protected":false},"author":1816,"featured_media":0,"comment_status":"closed","ping_status":"closed","sticky":false,"template":"","format":"standard","meta":{"fifu_image_url":"","fifu_image_alt":"","footnotes":""},"categories":[73,81],"tags":[],"class_list":["post-150703","post","type-post","status-publish","format-standard","hentry","category-actualite","category-burkina-faso"],"_links":{"self":[{"href":"https:\/\/linitiative.ca\/International\/wp-json\/wp\/v2\/posts\/150703","targetHints":{"allow":["GET"]}}],"collection":[{"href":"https:\/\/linitiative.ca\/International\/wp-json\/wp\/v2\/posts"}],"about":[{"href":"https:\/\/linitiative.ca\/International\/wp-json\/wp\/v2\/types\/post"}],"author":[{"embeddable":true,"href":"https:\/\/linitiative.ca\/International\/wp-json\/wp\/v2\/users\/1816"}],"replies":[{"embeddable":true,"href":"https:\/\/linitiative.ca\/International\/wp-json\/wp\/v2\/comments?post=150703"}],"version-history":[{"count":0,"href":"https:\/\/linitiative.ca\/International\/wp-json\/wp\/v2\/posts\/150703\/revisions"}],"wp:attachment":[{"href":"https:\/\/linitiative.ca\/International\/wp-json\/wp\/v2\/media?parent=150703"}],"wp:term":[{"taxonomy":"category","embeddable":true,"href":"https:\/\/linitiative.ca\/International\/wp-json\/wp\/v2\/categories?post=150703"},{"taxonomy":"post_tag","embeddable":true,"href":"https:\/\/linitiative.ca\/International\/wp-json\/wp\/v2\/tags?post=150703"}],"curies":[{"name":"wp","href":"https:\/\/api.w.org\/{rel}","templated":true}]}}