{"id":150704,"date":"2022-06-21T12:49:38","date_gmt":"2022-06-21T16:49:38","guid":{"rendered":"https:\/\/linitiative.ca\/International\/education-le-ministre-wendkouni-lionel-bilgo-felicite-lenseignante-qui-a-fait-100-au-cep-2022\/"},"modified":"2022-06-21T12:49:38","modified_gmt":"2022-06-21T16:49:38","slug":"education-le-ministre-wendkouni-lionel-bilgo-felicite-lenseignante-qui-a-fait-100-au-cep-2022","status":"publish","type":"post","link":"https:\/\/linitiative.ca\/International\/education-le-ministre-wendkouni-lionel-bilgo-felicite-lenseignante-qui-a-fait-100-au-cep-2022\/","title":{"rendered":"Education : Le ministre Wendkouni Lionel Bilgo f\u00e9licite l\u2019enseignante qui a fait 100 % au CEP 2022"},"content":{"rendered":"<div>\n<p>L\u2019enseignante de Ouindigi dans la r\u00e9gion du Nord, Kotim Ouedraogo, qui a r\u00e9ussi la prouesse de faire \u00a0cent pour cent \u00e0 l\u2019examen du Certificat d\u2019\u00e9tudes primaires (CEP) a rencontr\u00e9 ce mardi 21 juin 2022 \u00e0 Ouagadougou, le ministre en charge de l\u2019Education nationale, Wendkouni Lionel Bilgo. (Vous avez fait un travail extraordinaire. Vous \u00eates une pionni\u00e8re, un exemple pour nous. C\u2019est l\u2019occasion pour moi de vous f\u00e9liciter et vous dire que ce que vous avez fait, vous ne l\u2019avez pas fait pour vous-m\u00eame, vous l\u2019avez fait par amour pour le travail), a indiqu\u00e9 Lionel Bilgo.<\/p>\n<p>Selon lui, il a re\u00e7u plus qu\u2019une enseignante, un symbole, celui de la r\u00e9sistance, de l\u2019abn\u00e9gation et de l\u2019amour pour le travail. Il a aussi exprim\u00e9 sa satisfaction et ses encouragements \u00e0 l\u2019endroit de toutes ces personnes m\u00e9connues ou bien connues qui ont mouill\u00e9 le maillot. Quant \u00e0 l\u2019h\u00e9ro\u00efne, Kotim OUEDRAOOGO, elle a demand\u00e9 l\u2019accompagnement de ses \u00e9l\u00e8ves afin qu\u2019ils puissent poursuivre sereinement leur cursus scolaire.<\/p>\n<p>Ce succ\u00e8s de Kotim Ou\u00e9draogo est d\u2019autant plus m\u00e9ritant que ces 44 \u00e9l\u00e8ves du CM2 ont partag\u00e9 la classe multigrade avec 23 autres du CM1, y \u00e9tant h\u00e9berg\u00e9s et nourris par leur samaritaine de ma\u00eetresse.<\/p>\n<p>Sidwaya.info<\/p>\n<p>Source : DCRP\/MENAPLN<\/p>\n<\/div>\n<p>Auteur: Wamini SIDWAYA<br \/>\n<a href=\"https:\/\/www.sidwaya.info\/blog\/2022\/06\/21\/education-le-ministre-wendkouni-lionel-bilgo-felicite-lenseignante-qui-a-fait-100-au-cep-2022\/\">Cliquez ici pour lire l&rsquo;article depuis sa source.<\/a><\/p>\n","protected":false},"excerpt":{"rendered":"<p>L\u2019enseignante de Ouindigi dans la r\u00e9gion du Nord, Kotim Ouedraogo, qui a r\u00e9ussi la prouesse de faire \u00a0cent pour cent \u00e0 l\u2019examen du Certificat d\u2019\u00e9tudes primaires (CEP) a rencontr\u00e9 ce mardi 21 juin 2022 \u00e0 Ouagadougou, le ministre en charge de l\u2019Education nationale, Wendkouni Lionel Bilgo. (Vous avez fait un travail extraordinaire. Vous \u00eates une [&hellip;]<\/p>\n","protected":false},"author":1816,"featured_media":0,"comment_status":"closed","ping_status":"closed","sticky":false,"template":"","format":"standard","meta":{"fifu_image_url":"","fifu_image_alt":"","footnotes":""},"categories":[73,81],"tags":[],"class_list":["post-150704","post","type-post","status-publish","format-standard","hentry","category-actualite","category-burkina-faso"],"_links":{"self":[{"href":"https:\/\/linitiative.ca\/International\/wp-json\/wp\/v2\/posts\/150704","targetHints":{"allow":["GET"]}}],"collection":[{"href":"https:\/\/linitiative.ca\/International\/wp-json\/wp\/v2\/posts"}],"about":[{"href":"https:\/\/linitiative.ca\/International\/wp-json\/wp\/v2\/types\/post"}],"author":[{"embeddable":true,"href":"https:\/\/linitiative.ca\/International\/wp-json\/wp\/v2\/users\/1816"}],"replies":[{"embeddable":true,"href":"https:\/\/linitiative.ca\/International\/wp-json\/wp\/v2\/comments?post=150704"}],"version-history":[{"count":0,"href":"https:\/\/linitiative.ca\/International\/wp-json\/wp\/v2\/posts\/150704\/revisions"}],"wp:attachment":[{"href":"https:\/\/linitiative.ca\/International\/wp-json\/wp\/v2\/media?parent=150704"}],"wp:term":[{"taxonomy":"category","embeddable":true,"href":"https:\/\/linitiative.ca\/International\/wp-json\/wp\/v2\/categories?post=150704"},{"taxonomy":"post_tag","embeddable":true,"href":"https:\/\/linitiative.ca\/International\/wp-json\/wp\/v2\/tags?post=150704"}],"curies":[{"name":"wp","href":"https:\/\/api.w.org\/{rel}","templated":true}]}}