{"id":150705,"date":"2022-06-21T13:50:49","date_gmt":"2022-06-21T17:50:49","guid":{"rendered":"https:\/\/linitiative.ca\/International\/fete-de-la-musique-des-concerts-gratuits-a-lespace-bogodogo\/"},"modified":"2022-06-21T13:50:49","modified_gmt":"2022-06-21T17:50:49","slug":"fete-de-la-musique-des-concerts-gratuits-a-lespace-bogodogo","status":"publish","type":"post","link":"https:\/\/linitiative.ca\/International\/fete-de-la-musique-des-concerts-gratuits-a-lespace-bogodogo\/","title":{"rendered":"F\u00eate de la musique: des \u00a0concerts \u00a0gratuits \u00e0 l\u2019espace Bogodogo"},"content":{"rendered":"<div>\n<p><strong>Malgr\u00e9 la crise s\u00e9curitaire, le Burkina Faso c\u00e9l\u00e8bre aussi ce mardi 21 juin 2022 la F\u00eate de la musique \u00e0 travers des concerts gratuits \u00e0 Ouagadougou.<\/strong><\/p>\n<p>Chaque 21 juin, les m\u00e9lomanes du monde\u00a0 entier c\u00e9l\u00e8brent la F\u00eate de la musique.Au Burkina Faso, notamment \u00e0 Ouagadougou, le 40<sup>e<\/sup> anniversaire de l\u2019\u00e9v\u00e9nement se d\u00e9roule, du 19 au 21 juin, \u00a0sur \u00a0le terrain de la mairie de Bogodogo. La structure Exit management d\u2019Alexis Allognon dit Dj Alexis y organise son festival \u2018\u2019<em>F\u00eate de la musique\u2019\u2019<\/em> avec une programmation qui met en \u00a0sc\u00e8ne des vedettes de la musique et \u00a0artistes talents \u00a0\u00e9mergents.<\/p>\n<p>Dez Altino, Hamed Smani, Daisy Bofola, Greg, Amzy, Fleur, Floby ont d\u00e9j\u00e0, les deux premiers jours, tenu en haleine les spectateurs de cette 17<sup>e<\/sup> \u00e9dition du festival \u2018\u2019<em>F\u00eate de la musique\u2019\u2019<\/em>. Ce mardi 21 juin 2022, jour de la c\u00e9l\u00e9bration de la F\u00eate de la musique, sont annonc\u00e9s Djeli karim, Pamika, Damo, le groupe ivoirien Les Patrons et Floby.<\/p>\n<p>Depuis 17 ans, Exit management a r\u00e9ussi \u00e0 faire de son festival, une manifestation f\u00e9d\u00e9ratrice des Burkinab\u00e8 et m\u00eame\u00a0 de r\u00e9silience \u00e0 cause du contexte fortement marqu\u00e9 par le terrorisme. \u00c9v\u00e9nement festif et \u00a0populaire, la F\u00eate de la musique est organis\u00e9e\u00a0 dans plus de 120 pays dans le monde. Imagin\u00e9e par le musicien am\u00e9ricain Jo\u00ebl Cohen, la F\u00eate de la musique a pris son envol gr\u00e2ce \u00e0 l\u2019ancien ministre fran\u00e7ais de la culture, Jack Lang et \u00e0 l\u2019ex directeur de la musique et de la danse du minist\u00e8re, Maurice Fleuret.<\/p>\n<p><strong>AK<\/strong><\/p>\n<\/div>\n<p>Auteur: Wamini SIDWAYA<br \/>\n<a href=\"https:\/\/www.sidwaya.info\/blog\/2022\/06\/21\/fete-de-la-musique-des-concerts-gratuits-a-lespace-bogodogo\/\">Cliquez ici pour lire l&rsquo;article depuis sa source.<\/a><\/p>\n","protected":false},"excerpt":{"rendered":"<p>Malgr\u00e9 la crise s\u00e9curitaire, le Burkina Faso c\u00e9l\u00e8bre aussi ce mardi 21 juin 2022 la F\u00eate de la musique \u00e0 travers des concerts gratuits \u00e0 Ouagadougou. Chaque 21 juin, les m\u00e9lomanes du monde\u00a0 entier c\u00e9l\u00e8brent la F\u00eate de la musique.Au Burkina Faso, notamment \u00e0 Ouagadougou, le 40e anniversaire de l\u2019\u00e9v\u00e9nement se d\u00e9roule, du 19 au [&hellip;]<\/p>\n","protected":false},"author":1816,"featured_media":0,"comment_status":"closed","ping_status":"closed","sticky":false,"template":"","format":"standard","meta":{"fifu_image_url":"","fifu_image_alt":"","footnotes":""},"categories":[73,81],"tags":[],"class_list":["post-150705","post","type-post","status-publish","format-standard","hentry","category-actualite","category-burkina-faso"],"_links":{"self":[{"href":"https:\/\/linitiative.ca\/International\/wp-json\/wp\/v2\/posts\/150705","targetHints":{"allow":["GET"]}}],"collection":[{"href":"https:\/\/linitiative.ca\/International\/wp-json\/wp\/v2\/posts"}],"about":[{"href":"https:\/\/linitiative.ca\/International\/wp-json\/wp\/v2\/types\/post"}],"author":[{"embeddable":true,"href":"https:\/\/linitiative.ca\/International\/wp-json\/wp\/v2\/users\/1816"}],"replies":[{"embeddable":true,"href":"https:\/\/linitiative.ca\/International\/wp-json\/wp\/v2\/comments?post=150705"}],"version-history":[{"count":0,"href":"https:\/\/linitiative.ca\/International\/wp-json\/wp\/v2\/posts\/150705\/revisions"}],"wp:attachment":[{"href":"https:\/\/linitiative.ca\/International\/wp-json\/wp\/v2\/media?parent=150705"}],"wp:term":[{"taxonomy":"category","embeddable":true,"href":"https:\/\/linitiative.ca\/International\/wp-json\/wp\/v2\/categories?post=150705"},{"taxonomy":"post_tag","embeddable":true,"href":"https:\/\/linitiative.ca\/International\/wp-json\/wp\/v2\/tags?post=150705"}],"curies":[{"name":"wp","href":"https:\/\/api.w.org\/{rel}","templated":true}]}}