{"id":150712,"date":"2022-06-21T16:18:03","date_gmt":"2022-06-21T20:18:03","guid":{"rendered":"https:\/\/linitiative.ca\/International\/afrique-le-co-investissement-et-le-co-developpement-un-imperatif-pour-accelerer-lemergence-du-continent-amci\/"},"modified":"2022-06-21T16:18:03","modified_gmt":"2022-06-21T20:18:03","slug":"afrique-le-co-investissement-et-le-co-developpement-un-imperatif-pour-accelerer-lemergence-du-continent-amci","status":"publish","type":"post","link":"https:\/\/linitiative.ca\/International\/afrique-le-co-investissement-et-le-co-developpement-un-imperatif-pour-accelerer-lemergence-du-continent-amci\/","title":{"rendered":"Afrique: le co-investissement et le co-d\u00e9veloppement, un imp\u00e9ratif\u00a0pour acc\u00e9l\u00e9rer l\u2019\u00e9mergence du continent (AMCI)"},"content":{"rendered":"<div>\n<p><img decoding=\"async\" width=\"768\" height=\"1024\" src=\"https:\/\/linitiative.ca\/International\/wp-content\/uploads\/sites\/23\/2022\/06\/16558426849926.jpg\" class=\"attachment-post-thumbnail size-post-thumbnail wp-post-image\" alt=\"\" loading=\"lazy\" srcset=\"https:\/\/linitiative.ca\/International\/wp-content\/uploads\/sites\/23\/2022\/06\/16558426849926.jpg 768w, https:\/\/www.journalducameroun.com\/wp-content\/uploads\/2022\/06\/16558426849926-225x300.jpg 225w, https:\/\/www.journalducameroun.com\/wp-content\/uploads\/2022\/06\/16558426849926-330x440.jpg 330w, https:\/\/www.journalducameroun.com\/wp-content\/uploads\/2022\/06\/16558426849926-600x800.jpg 600w\" sizes=\"auto, (max-width: 768px) 100vw, 768px\"><\/p>\n<p>Les travaux du Forum africain des investisseurs souverains ont pris fin ce mardi 21 juin \u00e0 Rabat.<\/p>\n<p>Intervenant \u00e0 cette occasion, l&rsquo;Ambassadeur-Directeur g\u00e9n\u00e9ral de Agence Marocaine de Coop\u00e9ration Internationale (AMCI), Mohamed Methqal, a mis l&rsquo;accent sur la n\u00e9cessit\u00e9 d&rsquo;acc\u00e9l\u00e9rer l&rsquo;\u00e9mergence du continent africain en misant sur le co-investissement et le co-d\u00e9veloppement.<\/p>\n<p>Selon lui, \u00ab\u00a0l&rsquo;investissement, le co-investissement et le co-d\u00e9veloppement dans les projets et les secteurs prioritaires des pays africains, deviennent un imp\u00e9ratif\u00a0\u00bb.<\/p>\n<p>Les fonds souverains et strat\u00e9giques peuvent \u00eatre un catalyseur pour une \u00e9mergence durable du continent Africain.<\/p>\n<p>\u00ab\u00a0Le r\u00f4le des fonds souverains et strat\u00e9giques dans cette dynamique, avec leur effet de leviers devient primordial\u00a0\u00bb, a-t-il dit. Pour M. Methqal, ce fonds doit \u00eatre compl\u00e9mentaire aux autres sources de capitaux classiques qui contribuent d\u00e9j\u00e0 au financement du d\u00e9veloppement africain.<\/p>\n<p>Aussi, ajoute-t-il, les fonds souverains et strat\u00e9giques peuvent \u00eatre une locomotive aux secteurs priv\u00e9s locaux en les tirant et en les associant dans la mise en \u0153uvre des projets locaux ou r\u00e9gionaux.<\/p>\n<p>Par ailleurs, le patron de l&rsquo;AMCI a saisi cette occasion pour appeler les acteurs \u00e9conomiques et financiers du continent ainsi que ceux op\u00e9rant \u00e0 l&rsquo;\u00e9chelle internationale \u00e0 poursuivre leur engagement au service de l&rsquo;\u00e9mergence africaine, en mettant en place des solutions qui r\u00e9pondent aux d\u00e9fis de l&rsquo;Afrique sur la base des atouts du continent tout en innovant en fonction des sp\u00e9cificit\u00e9s, des priorit\u00e9s et des r\u00e9alit\u00e9s locales.<\/p>\n<p>\u00ab\u00a0Nous devons innover, joindre nos efforts collectivement et mettre en place des mod\u00e8les de croissance inclusifs et durables pour notre continent, dans une logique de coh\u00e9rence, de compl\u00e9mentarit\u00e9, de responsabilit\u00e9 et de solidarit\u00e9\u00a0\u00bb, a-t-il lanc\u00e9.<\/p>\n<p>Selon lui, \u00ab\u00a0la mobilisation doit \u00eatre globale et \u00e9largie, en associant aux c\u00f4t\u00e9s des gouvernements, le monde des affaires et les acteurs financiers, mais aussi la soci\u00e9t\u00e9 civile, les villes et les r\u00e9gions, les jeunes et les femmes, pour un d\u00e9veloppement durable et humain de notre continent\u00a0\u00bb.<\/p>\n<p>Et de souligner que les fonds souverains et strat\u00e9giques africains et leurs partenaires internationaux doivent avoir un r\u00f4le pionnier et catalyseur dans cette r\u00e9volution africaine.<\/p>\n<p>M. Methqal a, \u00e0 cet effet, invit\u00e9 les participants \u00e0 prendre part au prochain \u00ab USA-AFRICA Business Summit \u00bb pr\u00e9vu \u00e0 Marrakech du 19 au 22 juillet 2022, co-organis\u00e9 par le \u00ab Corporate Council on Africa \u00bb et le Maroc et dans lequel plusieurs projets strat\u00e9giques locaux et r\u00e9gionaux seront pr\u00e9sent\u00e9s aux investisseurs.<\/p>\n<p>Le Forum africain des investisseurs souverains, dont la c\u00e9r\u00e9monie d&rsquo;ouverture a \u00e9t\u00e9 marqu\u00e9e par un discours adress\u00e9 par le Roi Mohammed VI aux participants, a \u00e9t\u00e9 l&rsquo;occasion pour les dirigeants, les hauts responsables de fonds souverains, ainsi que les repr\u00e9sentants des \u00c9tats et du secteur priv\u00e9 de divers pays d&rsquo;Afrique et d&rsquo;ailleurs, d&rsquo;\u00e9changer sur les opportunit\u00e9s d&rsquo;investissement qu&rsquo;offrent l&rsquo;Afrique.<\/p>\n<p>Cet article <a rel=\"nofollow\" href=\"https:\/\/www.journalducameroun.com\/afrique-le-co-investissement-et-le-co-developpement-un-imperatif-pour-accelerer-lemergence-du-continent-amci\/\">Afrique: le co-investissement et le co-d\u00e9veloppement, un imp\u00e9ratif\u00a0pour acc\u00e9l\u00e9rer l\u2019\u00e9mergence du continent (AMCI)<\/a> est apparu en premier sur <a rel=\"nofollow\" href=\"https:\/\/www.journalducameroun.com\/\">Journal du Cameroun<\/a>.<\/p>\n<\/div>\n<p>Auteur: APA News<br \/>\n<a href=\"https:\/\/www.journalducameroun.com\/afrique-le-co-investissement-et-le-co-developpement-un-imperatif-pour-accelerer-lemergence-du-continent-amci\/\">Cliquez ici pour lire l&rsquo;article depuis sa source.<\/a><\/p>\n","protected":false},"excerpt":{"rendered":"<p>Les travaux du Forum africain des investisseurs souverains ont pris fin ce mardi 21 juin \u00e0 Rabat. Intervenant \u00e0 cette occasion, l&rsquo;Ambassadeur-Directeur g\u00e9n\u00e9ral de Agence Marocaine de Coop\u00e9ration Internationale (AMCI), Mohamed Methqal, a mis l&rsquo;accent sur la n\u00e9cessit\u00e9 d&rsquo;acc\u00e9l\u00e9rer l&rsquo;\u00e9mergence du continent africain en misant sur le co-investissement et le co-d\u00e9veloppement. Selon lui, \u00ab\u00a0l&rsquo;investissement, le [&hellip;]<\/p>\n","protected":false},"author":1965,"featured_media":0,"comment_status":"closed","ping_status":"closed","sticky":false,"template":"","format":"standard","meta":{"fifu_image_url":"https:\/\/www.journalducameroun.com\/wp-content\/uploads\/2022\/06\/16558426849926.jpg","fifu_image_alt":"Afrique: le co-investissement et le co-d\u00e9veloppement, un imp\u00e9ratif\u00a0pour acc\u00e9l\u00e9rer l\u2019\u00e9mergence du continent (AMCI)","footnotes":""},"categories":[73,82],"tags":[],"class_list":["post-150712","post","type-post","status-publish","format-standard","hentry","category-actualite","category-cameroun"],"_links":{"self":[{"href":"https:\/\/linitiative.ca\/International\/wp-json\/wp\/v2\/posts\/150712","targetHints":{"allow":["GET"]}}],"collection":[{"href":"https:\/\/linitiative.ca\/International\/wp-json\/wp\/v2\/posts"}],"about":[{"href":"https:\/\/linitiative.ca\/International\/wp-json\/wp\/v2\/types\/post"}],"author":[{"embeddable":true,"href":"https:\/\/linitiative.ca\/International\/wp-json\/wp\/v2\/users\/1965"}],"replies":[{"embeddable":true,"href":"https:\/\/linitiative.ca\/International\/wp-json\/wp\/v2\/comments?post=150712"}],"version-history":[{"count":0,"href":"https:\/\/linitiative.ca\/International\/wp-json\/wp\/v2\/posts\/150712\/revisions"}],"wp:attachment":[{"href":"https:\/\/linitiative.ca\/International\/wp-json\/wp\/v2\/media?parent=150712"}],"wp:term":[{"taxonomy":"category","embeddable":true,"href":"https:\/\/linitiative.ca\/International\/wp-json\/wp\/v2\/categories?post=150712"},{"taxonomy":"post_tag","embeddable":true,"href":"https:\/\/linitiative.ca\/International\/wp-json\/wp\/v2\/tags?post=150712"}],"curies":[{"name":"wp","href":"https:\/\/api.w.org\/{rel}","templated":true}]}}