{"id":150714,"date":"2022-06-21T16:18:03","date_gmt":"2022-06-21T20:18:03","guid":{"rendered":"https:\/\/linitiative.ca\/International\/la-28eme-assemblee-regionale-afrique-les-23-et-24-juin-a-rabat\/"},"modified":"2022-06-21T16:18:03","modified_gmt":"2022-06-21T20:18:03","slug":"la-28eme-assemblee-regionale-afrique-les-23-et-24-juin-a-rabat","status":"publish","type":"post","link":"https:\/\/linitiative.ca\/International\/la-28eme-assemblee-regionale-afrique-les-23-et-24-juin-a-rabat\/","title":{"rendered":"La 28\u00e8me Assembl\u00e9e R\u00e9gionale Afrique les 23 et 24 juin \u00e0 Rabat"},"content":{"rendered":"<div>\n<p><img decoding=\"async\" width=\"633\" height=\"369\" src=\"https:\/\/linitiative.ca\/International\/wp-content\/uploads\/sites\/23\/2022\/06\/16558426838356.jpg\" class=\"attachment-post-thumbnail size-post-thumbnail wp-post-image\" alt=\"\" loading=\"lazy\" srcset=\"https:\/\/linitiative.ca\/International\/wp-content\/uploads\/sites\/23\/2022\/06\/16558426838356.jpg 633w, https:\/\/www.journalducameroun.com\/wp-content\/uploads\/2022\/06\/16558426838356-300x175.jpg 300w, https:\/\/www.journalducameroun.com\/wp-content\/uploads\/2022\/06\/16558426838356-600x350.jpg 600w\" sizes=\"auto, (max-width: 633px) 100vw, 633px\"><\/p>\n<p>Le Parlement marocain abrite, les 23 et 24 juin 2022 \u00e0 Rabat, la 28\u00e8me Assembl\u00e9e R\u00e9gionale Afrique de l&rsquo;Assembl\u00e9e Parlementaire de la Francophonie.L&rsquo;ordre du jour de cette Assembl\u00e9e comprend la discussion et l&rsquo;examen de sujets int\u00e9ressant la d\u00e9mocratie, la Zone de libre-\u00e9change de l&rsquo;Afrique (ZLECAF), la participation des femmes \u00e0 la vie politique, \u00e9conomique et sociale, l&rsquo;implication effective des parlementaires de l&rsquo;Afrique francophone aux questions de l&rsquo;environnement et du changement climatique, et la situation politique, sociale et sanitaire dans les pays de l&rsquo;espace francophone d&rsquo;Afrique, indique un communiqu\u00e9 de la Chambre des repr\u00e9sentants du Maroc.<\/p>\n<p>Les participants examineront \u00e9galement le rapport d&rsquo;activit\u00e9s de l&rsquo;assembl\u00e9e r\u00e9gionale, et la r\u00e9organisation des postes de responsabilit\u00e9 de la r\u00e9gion Afrique dans les instances de l&rsquo;APF en pr\u00e9lude \u00e0 la 47e Session de Kigali (Juillet 2022).<\/p>\n<p>L&rsquo;Assembl\u00e9e parlementaire de la Francophonie a \u00e9t\u00e9 cr\u00e9\u00e9e en mai 1967 au Luxembourg, en tant que forum de discussion, de pr\u00e9sentation de propositions, et d&rsquo;\u00e9change d&rsquo;informations et d&rsquo;exp\u00e9riences, et comprend plusieurs sections r\u00e9parties sur les cinq continents.<\/p>\n<p>Le Parlement marocain a rejoint l&rsquo;Assembl\u00e9e parlementaire de la francophonie en 1979, et abrit\u00e9 les travaux de certaines Assembl\u00e9es r\u00e9gionales Afrique (19\u00e8me en 2011, 25\u00e8me en 2017, et 27\u00e8me en 2019).<\/p>\n<p>Le Pr\u00e9sident de la Chambre des Repr\u00e9sentants, Rachid Talbi El Alami, occupe actuellement le poste de vice-pr\u00e9sident de l&rsquo;Assembl\u00e9e Parlementaire de la Francophonie.<\/p>\n<p>Cet article <a rel=\"nofollow\" href=\"https:\/\/www.journalducameroun.com\/la-28eme-assemblee-regionale-afrique-les-23-et-24-juin-a-rabat\/\">La 28\u00e8me Assembl\u00e9e R\u00e9gionale Afrique les 23 et 24 juin \u00e0 Rabat<\/a> est apparu en premier sur <a rel=\"nofollow\" href=\"https:\/\/www.journalducameroun.com\/\">Journal du Cameroun<\/a>.<\/p>\n<\/div>\n<p>Auteur: APA News<br \/>\n<a href=\"https:\/\/www.journalducameroun.com\/la-28eme-assemblee-regionale-afrique-les-23-et-24-juin-a-rabat\/\">Cliquez ici pour lire l&rsquo;article depuis sa source.<\/a><\/p>\n","protected":false},"excerpt":{"rendered":"<p>Le Parlement marocain abrite, les 23 et 24 juin 2022 \u00e0 Rabat, la 28\u00e8me Assembl\u00e9e R\u00e9gionale Afrique de l&rsquo;Assembl\u00e9e Parlementaire de la Francophonie.L&rsquo;ordre du jour de cette Assembl\u00e9e comprend la discussion et l&rsquo;examen de sujets int\u00e9ressant la d\u00e9mocratie, la Zone de libre-\u00e9change de l&rsquo;Afrique (ZLECAF), la participation des femmes \u00e0 la vie politique, \u00e9conomique et [&hellip;]<\/p>\n","protected":false},"author":1965,"featured_media":0,"comment_status":"closed","ping_status":"closed","sticky":false,"template":"","format":"standard","meta":{"fifu_image_url":"https:\/\/www.journalducameroun.com\/wp-content\/uploads\/2022\/06\/16558426838356.jpg","fifu_image_alt":"La 28\u00e8me Assembl\u00e9e R\u00e9gionale Afrique les 23 et 24 juin \u00e0 Rabat","footnotes":""},"categories":[73,82],"tags":[],"class_list":["post-150714","post","type-post","status-publish","format-standard","hentry","category-actualite","category-cameroun"],"_links":{"self":[{"href":"https:\/\/linitiative.ca\/International\/wp-json\/wp\/v2\/posts\/150714","targetHints":{"allow":["GET"]}}],"collection":[{"href":"https:\/\/linitiative.ca\/International\/wp-json\/wp\/v2\/posts"}],"about":[{"href":"https:\/\/linitiative.ca\/International\/wp-json\/wp\/v2\/types\/post"}],"author":[{"embeddable":true,"href":"https:\/\/linitiative.ca\/International\/wp-json\/wp\/v2\/users\/1965"}],"replies":[{"embeddable":true,"href":"https:\/\/linitiative.ca\/International\/wp-json\/wp\/v2\/comments?post=150714"}],"version-history":[{"count":0,"href":"https:\/\/linitiative.ca\/International\/wp-json\/wp\/v2\/posts\/150714\/revisions"}],"wp:attachment":[{"href":"https:\/\/linitiative.ca\/International\/wp-json\/wp\/v2\/media?parent=150714"}],"wp:term":[{"taxonomy":"category","embeddable":true,"href":"https:\/\/linitiative.ca\/International\/wp-json\/wp\/v2\/categories?post=150714"},{"taxonomy":"post_tag","embeddable":true,"href":"https:\/\/linitiative.ca\/International\/wp-json\/wp\/v2\/tags?post=150714"}],"curies":[{"name":"wp","href":"https:\/\/api.w.org\/{rel}","templated":true}]}}