{"id":150766,"date":"2022-06-22T16:41:46","date_gmt":"2022-06-22T20:41:46","guid":{"rendered":"https:\/\/linitiative.ca\/International\/contrebande-la-palme-dor-aux-unites-de-la-garde-des-douanes\/"},"modified":"2022-06-22T16:41:46","modified_gmt":"2022-06-22T20:41:46","slug":"contrebande-la-palme-dor-aux-unites-de-la-garde-des-douanes","status":"publish","type":"post","link":"https:\/\/linitiative.ca\/International\/contrebande-la-palme-dor-aux-unites-de-la-garde-des-douanes\/","title":{"rendered":"Contrebande: la palme d\u2019or aux unit\u00e9s de la garde des douanes"},"content":{"rendered":"<div>\n<p>Dans le cadre de la lutte contre la contrebande sur tout le territoire tunisien, la premi\u00e8re \u00a0unit\u00e9 de la garde douani\u00e8re de Tunis, \u00a0en collaboration avec\u00a0 le services de la police\u00a0 ,a saisi dans un hangar un lot estim\u00e9 \u00e0 1465 pi\u00e8ces \u00a0de\u00a0 v\u00eatements pr\u00eat \u00a0\u00e0 porter \u00a0et des chaussures de sport \u00a0de contre fa\u00e7on, [\u2026]<\/p>\n<p>L\u2019article <a href=\"https:\/\/www.tunisienumerique.com\/contrebande-la-palme-dor-aux-unites-de-la-garde-des-douanes\/\">Contrebande: la palme d\u2019or aux unit\u00e9s de la garde des douanes<\/a> est apparu en premier sur <a href=\"https:\/\/www.tunisienumerique.com\/\">Tunisie<\/a>.<\/p>\n<\/div>\n<p>Auteur: Hafedh Trabelsi<br \/>\n<a href=\"https:\/\/www.tunisienumerique.com\/contrebande-la-palme-dor-aux-unites-de-la-garde-des-douanes\/\">Cliquez ici pour lire l&rsquo;article depuis sa source.<\/a><\/p>\n","protected":false},"excerpt":{"rendered":"<p>Dans le cadre de la lutte contre la contrebande sur tout le territoire tunisien, la premi\u00e8re \u00a0unit\u00e9 de la garde douani\u00e8re de Tunis, \u00a0en collaboration avec\u00a0 le services de la police\u00a0 ,a saisi dans un hangar un lot estim\u00e9 \u00e0 1465 pi\u00e8ces \u00a0de\u00a0 v\u00eatements pr\u00eat \u00a0\u00e0 porter \u00a0et des chaussures de sport \u00a0de contre fa\u00e7on, [&hellip;]<\/p>\n","protected":false},"author":1789,"featured_media":0,"comment_status":"closed","ping_status":"closed","sticky":false,"template":"","format":"standard","meta":{"fifu_image_url":"","fifu_image_alt":"","footnotes":""},"categories":[73,55],"tags":[],"class_list":["post-150766","post","type-post","status-publish","format-standard","hentry","category-actualite","category-tunisie"],"_links":{"self":[{"href":"https:\/\/linitiative.ca\/International\/wp-json\/wp\/v2\/posts\/150766","targetHints":{"allow":["GET"]}}],"collection":[{"href":"https:\/\/linitiative.ca\/International\/wp-json\/wp\/v2\/posts"}],"about":[{"href":"https:\/\/linitiative.ca\/International\/wp-json\/wp\/v2\/types\/post"}],"author":[{"embeddable":true,"href":"https:\/\/linitiative.ca\/International\/wp-json\/wp\/v2\/users\/1789"}],"replies":[{"embeddable":true,"href":"https:\/\/linitiative.ca\/International\/wp-json\/wp\/v2\/comments?post=150766"}],"version-history":[{"count":0,"href":"https:\/\/linitiative.ca\/International\/wp-json\/wp\/v2\/posts\/150766\/revisions"}],"wp:attachment":[{"href":"https:\/\/linitiative.ca\/International\/wp-json\/wp\/v2\/media?parent=150766"}],"wp:term":[{"taxonomy":"category","embeddable":true,"href":"https:\/\/linitiative.ca\/International\/wp-json\/wp\/v2\/categories?post=150766"},{"taxonomy":"post_tag","embeddable":true,"href":"https:\/\/linitiative.ca\/International\/wp-json\/wp\/v2\/tags?post=150766"}],"curies":[{"name":"wp","href":"https:\/\/api.w.org\/{rel}","templated":true}]}}