{"id":150773,"date":"2022-06-22T11:57:06","date_gmt":"2022-06-22T15:57:06","guid":{"rendered":"https:\/\/linitiative.ca\/International\/cooperation-israel-reaffirme-son-soutien-a-la-souverainete-du-maroc-sur-le-sahara\/"},"modified":"2022-06-22T11:57:06","modified_gmt":"2022-06-22T15:57:06","slug":"cooperation-israel-reaffirme-son-soutien-a-la-souverainete-du-maroc-sur-le-sahara","status":"publish","type":"post","link":"https:\/\/linitiative.ca\/International\/cooperation-israel-reaffirme-son-soutien-a-la-souverainete-du-maroc-sur-le-sahara\/","title":{"rendered":"Coop\u00e9ration\u00a0: Isra\u00ebl r\u00e9affirme son soutien \u00e0 la souverainet\u00e9 du Maroc sur le Sahara"},"content":{"rendered":"<div>\n<p>La ministre isra\u00e9lienne de l\u2019Int\u00e9rieur, Mme Ayelet Shaked, a r\u00e9affirm\u00e9, mardi 21 juin 2022, le soutien de son pays \u00e0 la souverainet\u00e9 du Maroc sur le Sahara.<\/p>\n<p>\u00ab\u00a0Isra\u00ebl r\u00e9affirme son soutien \u00e0 la souverainet\u00e9 du Maroc sur le Sahara\u00a0\u00bb, a soulign\u00e9 Mme Shaked dans une d\u00e9claration \u00e0 la presse \u00e0 l\u2019issue de ses entretiens avec le ministre des Affaires \u00e9trang\u00e8res, de la Coop\u00e9ration africaine et des Marocains r\u00e9sidant \u00e0 l\u2019\u00e9tranger, M. Nasser Bourita.<\/p>\n<p>Elle a ajout\u00e9 que ses entretiens avec M. Bourita ont \u00e9galement port\u00e9 sur \u00ab\u00a0les relations bilat\u00e9rales solides et les projets communs que les deux pays vont accomplir\u00a0\u00bb.<\/p>\n<p>Source : MAP<\/p>\n<\/div>\n<p>Auteur: BS. Sidwaya<br \/>\n<a href=\"https:\/\/www.sidwaya.info\/blog\/2022\/06\/22\/cooperation-israel-reaffirme-son-soutien-a-la-souverainete-du-maroc-sur-le-sahara\/\">Cliquez ici pour lire l&rsquo;article depuis sa source.<\/a><\/p>\n","protected":false},"excerpt":{"rendered":"<p>La ministre isra\u00e9lienne de l\u2019Int\u00e9rieur, Mme Ayelet Shaked, a r\u00e9affirm\u00e9, mardi 21 juin 2022, le soutien de son pays \u00e0 la souverainet\u00e9 du Maroc sur le Sahara. \u00ab\u00a0Isra\u00ebl r\u00e9affirme son soutien \u00e0 la souverainet\u00e9 du Maroc sur le Sahara\u00a0\u00bb, a soulign\u00e9 Mme Shaked dans une d\u00e9claration \u00e0 la presse \u00e0 l\u2019issue de ses entretiens avec [&hellip;]<\/p>\n","protected":false},"author":1816,"featured_media":0,"comment_status":"closed","ping_status":"closed","sticky":false,"template":"","format":"standard","meta":{"fifu_image_url":"","fifu_image_alt":"","footnotes":""},"categories":[73,81],"tags":[],"class_list":["post-150773","post","type-post","status-publish","format-standard","hentry","category-actualite","category-burkina-faso"],"_links":{"self":[{"href":"https:\/\/linitiative.ca\/International\/wp-json\/wp\/v2\/posts\/150773","targetHints":{"allow":["GET"]}}],"collection":[{"href":"https:\/\/linitiative.ca\/International\/wp-json\/wp\/v2\/posts"}],"about":[{"href":"https:\/\/linitiative.ca\/International\/wp-json\/wp\/v2\/types\/post"}],"author":[{"embeddable":true,"href":"https:\/\/linitiative.ca\/International\/wp-json\/wp\/v2\/users\/1816"}],"replies":[{"embeddable":true,"href":"https:\/\/linitiative.ca\/International\/wp-json\/wp\/v2\/comments?post=150773"}],"version-history":[{"count":0,"href":"https:\/\/linitiative.ca\/International\/wp-json\/wp\/v2\/posts\/150773\/revisions"}],"wp:attachment":[{"href":"https:\/\/linitiative.ca\/International\/wp-json\/wp\/v2\/media?parent=150773"}],"wp:term":[{"taxonomy":"category","embeddable":true,"href":"https:\/\/linitiative.ca\/International\/wp-json\/wp\/v2\/categories?post=150773"},{"taxonomy":"post_tag","embeddable":true,"href":"https:\/\/linitiative.ca\/International\/wp-json\/wp\/v2\/tags?post=150773"}],"curies":[{"name":"wp","href":"https:\/\/api.w.org\/{rel}","templated":true}]}}