{"id":150779,"date":"2022-06-22T12:18:04","date_gmt":"2022-06-22T16:18:04","guid":{"rendered":"https:\/\/linitiative.ca\/International\/cote-divoire-plus-de-7500-km-de-routes-bitumees-ministre\/"},"modified":"2022-06-22T12:18:04","modified_gmt":"2022-06-22T16:18:04","slug":"cote-divoire-plus-de-7500-km-de-routes-bitumees-ministre","status":"publish","type":"post","link":"https:\/\/linitiative.ca\/International\/cote-divoire-plus-de-7500-km-de-routes-bitumees-ministre\/","title":{"rendered":"C\u00f4te d\u2019Ivoire : plus de 7500 km de routes bitum\u00e9es (ministre)"},"content":{"rendered":"<div>\n<p><img decoding=\"async\" width=\"1032\" height=\"688\" src=\"https:\/\/linitiative.ca\/International\/wp-content\/uploads\/sites\/23\/2022\/06\/16559146847469.jpg\" class=\"attachment-post-thumbnail size-post-thumbnail wp-post-image\" alt=\"\" loading=\"lazy\" srcset=\"https:\/\/linitiative.ca\/International\/wp-content\/uploads\/sites\/23\/2022\/06\/16559146847469.jpg 1032w, https:\/\/www.journalducameroun.com\/wp-content\/uploads\/2022\/06\/16559146847469-300x200.jpg 300w, https:\/\/www.journalducameroun.com\/wp-content\/uploads\/2022\/06\/16559146847469-1024x683.jpg 1024w, https:\/\/www.journalducameroun.com\/wp-content\/uploads\/2022\/06\/16559146847469-768x512.jpg 768w, https:\/\/www.journalducameroun.com\/wp-content\/uploads\/2022\/06\/16559146847469-660x440.jpg 660w, https:\/\/www.journalducameroun.com\/wp-content\/uploads\/2022\/06\/16559146847469-600x400.jpg 600w\" sizes=\"auto, (max-width: 1032px) 100vw, 1032px\"><\/p>\n<p>En perspective de la Can de football 2023, le gouvernement ivoirien a lanc\u00e9 plusieurs travaux d&rsquo;infrastructures routi\u00e8res.De 2011 \u00e0 2022, la C\u00f4te d&rsquo;Ivoire est pass\u00e9e de 6.500 km de routes bitum\u00e9es \u00e0 plus de 7500 km. A cela s&rsquo;ajoutent 2000 km de routes en cours de construction.<\/p>\n<p>Ce qui fait dire au ministre de l&rsquo;\u00c9quipement et de l&rsquo;Entretien routier, Am\u00e9d\u00e9 Koffi Kouakou qu&rsquo;\u00ab il y a un accroissement important du r\u00e9seau routier en C\u00f4te d&rsquo;Ivoire \u00bb, appelant \u00e0 une contribution citoyenne au profit des projets routiers.<\/p>\n<p>\u00ab Il faut que celui qui passe sur la route paie une petite contribution, pour permettre non seulement d&rsquo;entretenir, mais aussi d&rsquo;aider \u00e0 financer d&rsquo;autres routes dans d&rsquo;autres r\u00e9gions \u00bb, a plaid\u00e9 M. Kouakou, mardi \u00e0 Abidjan, au cours d&rsquo;une conf\u00e9rence de presse.<\/p>\n<p>Concernant l&rsquo;autoroute de Grand-Bassam, situ\u00e9e \u00e0 40 km au Sud-Est d&rsquo;Abidjan, la capitale \u00e9conomique ivoirienne, le ministre Am\u00e9d\u00e9 Kouakou a dit qu&rsquo;elle s&rsquo;inscrit dans le cadre du corridor Abidjan-Lagos (Nigeria), un projet r\u00e9gional. L&rsquo;autoroute du Nord (corridor Nord), elle, devrait rallier Ouagadougou, la capitale du Burkina Faso.<\/p>\n<p>Quant \u00e0 elle, l&rsquo;autoroute de l&rsquo;Est passera par Doropo puis Bouna. \u00ab Les \u00e9tudes sont en cours\u00a0\u00bb, a annonc\u00e9 le ministre de l&rsquo;\u00c9quipement et de l&rsquo;Entretien routier, renseignant que le bitumage d&rsquo;une route co\u00fbte entre 750 millions \u00e0 1 milliard Fcfa le kilom\u00e8tre, tandis que l&rsquo;autoroute est fractur\u00e9e \u00e0 2 milliards Fcfa par kilom\u00e8tre.<\/p>\n<p>La C\u00f4te d&rsquo;Ivoire dispose aujourd&rsquo;hui de plusieurs voies \u00e0 p\u00e9age. Le poste \u00e0 p\u00e9age d&rsquo;Attingui\u00e9, situ\u00e9 sur l&rsquo;autoroute du Nord, enregistre 16.000 v\u00e9hicules par jour, a fait remarquer Am\u00e9d\u00e9 Kouakou.<\/p>\n<p>Cet article <a rel=\"nofollow\" href=\"https:\/\/www.journalducameroun.com\/cote-divoire-plus-de-7500-km-de-routes-bitumees-ministre\/\">C\u00f4te d\u2019Ivoire : plus de 7500 km de routes bitum\u00e9es (ministre)<\/a> est apparu en premier sur <a rel=\"nofollow\" href=\"https:\/\/www.journalducameroun.com\/\">Journal du Cameroun<\/a>.<\/p>\n<\/div>\n<p>Auteur: APA News<br \/>\n<a href=\"https:\/\/www.journalducameroun.com\/cote-divoire-plus-de-7500-km-de-routes-bitumees-ministre\/\">Cliquez ici pour lire l&rsquo;article depuis sa source.<\/a><\/p>\n","protected":false},"excerpt":{"rendered":"<p>En perspective de la Can de football 2023, le gouvernement ivoirien a lanc\u00e9 plusieurs travaux d&rsquo;infrastructures routi\u00e8res.De 2011 \u00e0 2022, la C\u00f4te d&rsquo;Ivoire est pass\u00e9e de 6.500 km de routes bitum\u00e9es \u00e0 plus de 7500 km. A cela s&rsquo;ajoutent 2000 km de routes en cours de construction. Ce qui fait dire au ministre de l&rsquo;\u00c9quipement [&hellip;]<\/p>\n","protected":false},"author":1965,"featured_media":0,"comment_status":"closed","ping_status":"closed","sticky":false,"template":"","format":"standard","meta":{"fifu_image_url":"https:\/\/www.journalducameroun.com\/wp-content\/uploads\/2022\/06\/16559146847469.jpg","fifu_image_alt":"C\u00f4te d\u2019Ivoire : plus de 7500 km de routes bitum\u00e9es (ministre)","footnotes":""},"categories":[73,82],"tags":[],"class_list":["post-150779","post","type-post","status-publish","format-standard","hentry","category-actualite","category-cameroun"],"_links":{"self":[{"href":"https:\/\/linitiative.ca\/International\/wp-json\/wp\/v2\/posts\/150779","targetHints":{"allow":["GET"]}}],"collection":[{"href":"https:\/\/linitiative.ca\/International\/wp-json\/wp\/v2\/posts"}],"about":[{"href":"https:\/\/linitiative.ca\/International\/wp-json\/wp\/v2\/types\/post"}],"author":[{"embeddable":true,"href":"https:\/\/linitiative.ca\/International\/wp-json\/wp\/v2\/users\/1965"}],"replies":[{"embeddable":true,"href":"https:\/\/linitiative.ca\/International\/wp-json\/wp\/v2\/comments?post=150779"}],"version-history":[{"count":0,"href":"https:\/\/linitiative.ca\/International\/wp-json\/wp\/v2\/posts\/150779\/revisions"}],"wp:attachment":[{"href":"https:\/\/linitiative.ca\/International\/wp-json\/wp\/v2\/media?parent=150779"}],"wp:term":[{"taxonomy":"category","embeddable":true,"href":"https:\/\/linitiative.ca\/International\/wp-json\/wp\/v2\/categories?post=150779"},{"taxonomy":"post_tag","embeddable":true,"href":"https:\/\/linitiative.ca\/International\/wp-json\/wp\/v2\/tags?post=150779"}],"curies":[{"name":"wp","href":"https:\/\/api.w.org\/{rel}","templated":true}]}}