{"id":150781,"date":"2022-06-22T12:27:05","date_gmt":"2022-06-22T16:27:05","guid":{"rendered":"https:\/\/linitiative.ca\/International\/le-cameroun-se-joint-la-celebration-de-la-semaine-olympique\/"},"modified":"2022-06-22T12:27:05","modified_gmt":"2022-06-22T16:27:05","slug":"le-cameroun-se-joint-la-celebration-de-la-semaine-olympique","status":"publish","type":"post","link":"https:\/\/linitiative.ca\/International\/le-cameroun-se-joint-la-celebration-de-la-semaine-olympique\/","title":{"rendered":"Le Cameroun se joint la c\u00e9l\u00e9bration de la Semaine olympique"},"content":{"rendered":"<div>\n<p><img decoding=\"async\" width=\"1600\" height=\"1067\" src=\"https:\/\/linitiative.ca\/International\/wp-content\/uploads\/sites\/23\/2022\/06\/inauguration-de-la-fresque-d-elka-au-college-buvignier-a-l-occasion-de-la-semaine-olympique-et-paralympique-photo-er-richard-raspes-1612551188.jpg\" class=\"attachment-post-thumbnail size-post-thumbnail wp-post-image\" alt=\"Semaine olympique\" loading=\"lazy\" srcset=\"https:\/\/linitiative.ca\/International\/wp-content\/uploads\/sites\/23\/2022\/06\/inauguration-de-la-fresque-d-elka-au-college-buvignier-a-l-occasion-de-la-semaine-olympique-et-paralympique-photo-er-richard-raspes-1612551188.jpg 1600w, https:\/\/www.journalducameroun.com\/wp-content\/uploads\/2022\/06\/inauguration-de-la-fresque-d-elka-au-college-buvignier-a-l-occasion-de-la-semaine-olympique-et-paralympique-photo-er-richard-raspes-1612551188-300x200.jpg 300w, https:\/\/www.journalducameroun.com\/wp-content\/uploads\/2022\/06\/inauguration-de-la-fresque-d-elka-au-college-buvignier-a-l-occasion-de-la-semaine-olympique-et-paralympique-photo-er-richard-raspes-1612551188-1024x683.jpg 1024w, https:\/\/www.journalducameroun.com\/wp-content\/uploads\/2022\/06\/inauguration-de-la-fresque-d-elka-au-college-buvignier-a-l-occasion-de-la-semaine-olympique-et-paralympique-photo-er-richard-raspes-1612551188-768x512.jpg 768w, https:\/\/www.journalducameroun.com\/wp-content\/uploads\/2022\/06\/inauguration-de-la-fresque-d-elka-au-college-buvignier-a-l-occasion-de-la-semaine-olympique-et-paralympique-photo-er-richard-raspes-1612551188-1536x1024.jpg 1536w, https:\/\/www.journalducameroun.com\/wp-content\/uploads\/2022\/06\/inauguration-de-la-fresque-d-elka-au-college-buvignier-a-l-occasion-de-la-semaine-olympique-et-paralympique-photo-er-richard-raspes-1612551188-660x440.jpg 660w, https:\/\/www.journalducameroun.com\/wp-content\/uploads\/2022\/06\/inauguration-de-la-fresque-d-elka-au-college-buvignier-a-l-occasion-de-la-semaine-olympique-et-paralympique-photo-er-richard-raspes-1612551188-600x400.jpg 600w\" sizes=\"auto, (max-width: 1600px) 100vw, 1600px\"><\/p>\n<h2 dir=\"auto\" style=\"text-align: justify;\">C&rsquo;est au cours d&rsquo;une conf\u00e9rence de presse que le Colonel Ahmed Kalkaba Malboum, pr\u00e9sident du Comit\u00e9 national olympique et sportif du Cameroun a pr\u00e9sent\u00e9 les contours de cette f\u00eate.<\/h2>\n<div dir=\"auto\" style=\"text-align: justify;\"><\/div>\n<div dir=\"auto\" style=\"text-align: justify;\">Cette ann\u00e9e, la <strong>Semaine olympique<\/strong> va s&rsquo;articuler autour de quatre axes. Ils sont, bouger, apprendre, d\u00e9couvrir et ensemble pour un monde meilleur. Des points qui convergent avec le th\u00e8me attribu\u00e9 \u00e0 cette c\u00e9l\u00e9bration, \u00ab\u00a0ensemble pour un monde pacifique\u00a0\u00bb. En pr\u00e9lude \u00e0 cela, le <strong>Comit\u00e9 national olympique et sportif du Cameroun (CNOSC)<\/strong> pr\u00e9voit organiser une s\u00e9rie d&rsquo;activit\u00e9s en synergie avec le <strong>Comit\u00e9 national Pierre de Coubertin.<\/strong><\/div>\n<div dir=\"auto\" style=\"text-align: justify;\"><\/div>\n<div dir=\"auto\" style=\"text-align: justify;\">Les groupes cibl\u00e9s par le <strong>CNOSC<\/strong>, sont les jeunes \u00e2g\u00e9s de 3 \u00e0 12 ans. Il sera question de les entretenir autour des valeurs olympiques. Un choix qui s&rsquo;explique par la n\u00e9cessit\u00e9 que la jeunesse a de s&rsquo;impr\u00e9gner le plus t\u00f4t possible des valeurs olympiques d&rsquo;amiti\u00e9e, de fraternit\u00e9, de paix, de respect et d&rsquo;excellence.<\/div>\n<div dir=\"auto\" style=\"text-align: justify;\"><\/div>\n<div dir=\"auto\" style=\"text-align: justify;\">Le CNOSC veut profiter de cette opportunit\u00e9 pour faire d\u00e9couvrir les r\u00e8gles de base du badminton, du judo et du tir \u00e0 l&rsquo;arc.<\/div>\n<div dir=\"auto\" style=\"text-align: justify;\"><\/div>\n<div dir=\"auto\" style=\"text-align: justify;\">Par ailleurs, le chapelet de la Semaine olympique va \u00e9galement s&rsquo;\u00e9grener autour d&rsquo;une conf\u00e9rence en ligne qui sera organis\u00e9e le 23 juin ayant pour th\u00e8me, &lsquo;pr\u00e9voir de se d\u00e9velopper : les probl\u00e8mes et les enjeux du d\u00e9veloppement du sport&rsquo;.<\/div>\n<div dir=\"auto\" style=\"text-align: justify;\"><\/div>\n<div dir=\"auto\" style=\"text-align: justify;\">La Semaine olympique a debut\u00e9 le 21 juin dernier.<\/div>\n<div dir=\"auto\" style=\"text-align: justify;\"><\/div>\n<p>Cet article <a rel=\"nofollow\" href=\"https:\/\/www.journalducameroun.com\/le-cameroun-se-joint-la-celebration-de-la-semaine-olympique\/\">Le Cameroun se joint la c\u00e9l\u00e9bration de la Semaine olympique<\/a> est apparu en premier sur <a rel=\"nofollow\" href=\"https:\/\/www.journalducameroun.com\/\">Journal du Cameroun<\/a>.<\/p>\n<\/div>\n<p>Auteur: Paul Wandji<br \/>\n<a href=\"https:\/\/www.journalducameroun.com\/le-cameroun-se-joint-la-celebration-de-la-semaine-olympique\/\">Cliquez ici pour lire l&rsquo;article depuis sa source.<\/a><\/p>\n","protected":false},"excerpt":{"rendered":"<p>C&rsquo;est au cours d&rsquo;une conf\u00e9rence de presse que le Colonel Ahmed Kalkaba Malboum, pr\u00e9sident du Comit\u00e9 national olympique et sportif du Cameroun a pr\u00e9sent\u00e9 les contours de cette f\u00eate. Cette ann\u00e9e, la Semaine olympique va s&rsquo;articuler autour de quatre axes. Ils sont, bouger, apprendre, d\u00e9couvrir et ensemble pour un monde meilleur. Des points qui convergent [&hellip;]<\/p>\n","protected":false},"author":1965,"featured_media":0,"comment_status":"closed","ping_status":"closed","sticky":false,"template":"","format":"standard","meta":{"fifu_image_url":"https:\/\/www.journalducameroun.com\/wp-content\/uploads\/2022\/06\/inauguration-de-la-fresque-d-elka-au-college-buvignier-a-l-occasion-de-la-semaine-olympique-et-paralympique-photo-er-richard-raspes-1612551188.jpg","fifu_image_alt":"Le Cameroun se joint la c\u00e9l\u00e9bration de la Semaine olympique","footnotes":""},"categories":[73,82],"tags":[],"class_list":["post-150781","post","type-post","status-publish","format-standard","hentry","category-actualite","category-cameroun"],"_links":{"self":[{"href":"https:\/\/linitiative.ca\/International\/wp-json\/wp\/v2\/posts\/150781","targetHints":{"allow":["GET"]}}],"collection":[{"href":"https:\/\/linitiative.ca\/International\/wp-json\/wp\/v2\/posts"}],"about":[{"href":"https:\/\/linitiative.ca\/International\/wp-json\/wp\/v2\/types\/post"}],"author":[{"embeddable":true,"href":"https:\/\/linitiative.ca\/International\/wp-json\/wp\/v2\/users\/1965"}],"replies":[{"embeddable":true,"href":"https:\/\/linitiative.ca\/International\/wp-json\/wp\/v2\/comments?post=150781"}],"version-history":[{"count":0,"href":"https:\/\/linitiative.ca\/International\/wp-json\/wp\/v2\/posts\/150781\/revisions"}],"wp:attachment":[{"href":"https:\/\/linitiative.ca\/International\/wp-json\/wp\/v2\/media?parent=150781"}],"wp:term":[{"taxonomy":"category","embeddable":true,"href":"https:\/\/linitiative.ca\/International\/wp-json\/wp\/v2\/categories?post=150781"},{"taxonomy":"post_tag","embeddable":true,"href":"https:\/\/linitiative.ca\/International\/wp-json\/wp\/v2\/tags?post=150781"}],"curies":[{"name":"wp","href":"https:\/\/api.w.org\/{rel}","templated":true}]}}