{"id":150783,"date":"2022-06-22T13:18:03","date_gmt":"2022-06-22T17:18:03","guid":{"rendered":"https:\/\/linitiative.ca\/International\/soudan-nouvelles-attaques-meurtrieres-au-darfour-ong\/"},"modified":"2022-06-22T13:18:03","modified_gmt":"2022-06-22T17:18:03","slug":"soudan-nouvelles-attaques-meurtrieres-au-darfour-ong","status":"publish","type":"post","link":"https:\/\/linitiative.ca\/International\/soudan-nouvelles-attaques-meurtrieres-au-darfour-ong\/","title":{"rendered":"Soudan : nouvelles attaques meurtri\u00e8res au Darfour (ONG)"},"content":{"rendered":"<div>\n<p><img decoding=\"async\" width=\"275\" height=\"183\" src=\"https:\/\/linitiative.ca\/International\/wp-content\/uploads\/sites\/23\/2022\/06\/16559182838422.jpg\" class=\"attachment-post-thumbnail size-post-thumbnail wp-post-image\" alt=\"\" loading=\"lazy\"><\/p>\n<p>Les victimes sont des civils qui r\u00e9sidaient dans les villes de Kerenik et Kulbus situ\u00e9es au Darfour occidental.Au Soudan, les attaques meurtri\u00e8res contre des civils persistent depuis avril 2022. L&rsquo;Organisation non gouvernementale de d\u00e9fense des droits humains, Human Rights Watch (HRW) a r\u00e9v\u00e9l\u00e9, ce mercredi 22 juin, que des assaillants arm\u00e9s ont tu\u00e9 dans l&rsquo;Ouest du Darfour des centaines de personnes et caus\u00e9 le d\u00e9placement de milliers d&rsquo;autres. Ils ont \u00e9galement incendi\u00e9 plusieurs concessions et pill\u00e9 le b\u00e9tail.<\/p>\n<p>\u00ab Les deux derniers mois n&rsquo;ont montr\u00e9 que trop clairement le co\u00fbt d\u00e9vastateur du retrait des forces de maintien de la paix du Darfour, et du refus de prendre en compte la n\u00e9cessit\u00e9 permanente de prot\u00e9ger les civils de cette r\u00e9gion \u00bb, a d\u00e9clar\u00e9 Mohamed Osman, chercheur sur le Soudan \u00e0 Human Rights Watch.<\/p>\n<p>A en croire ce dernier, \u00ab il est difficile de ne pas avoir l&rsquo;impression que la communaut\u00e9 internationale, qui avait pr\u00e9c\u00e9demment observ\u00e9 le Darfour avec des yeux d&rsquo;aigle pendant des ann\u00e9es, a compl\u00e8tement abandonn\u00e9 ces victimes du nettoyage ethnique \u00bb.<\/p>\n<p>Pour Human Rights Watch, le Bureau conjoint des Nations unies pour les droits de l&rsquo;homme au Soudan, qui rassemble des travaux de la Mission int\u00e9gr\u00e9e d&rsquo;assistance \u00e0 la transition des Nations Unies au Soudan (UNITAMS) et le Haut-Commissariat des Nations unies aux droits de l&rsquo;homme (HCDH), devrait donner la priorit\u00e9 \u00e0 l&rsquo;obtention d&rsquo;un acc\u00e8s r\u00e9gulier au Darfour pour enqu\u00eater et rendre compte publiquement des abus.<\/p>\n<p>Les diverses composantes de la mission des Nations unies, le syst\u00e8me des Nations unies et les \u00c9tats membres devraient soutenir le travail de ce Bureau et accro\u00eetre sa capacit\u00e9 de surveillance et de r\u00e9daction de rapports sur la protection des civils, notamment en d\u00e9ployant une pr\u00e9sence renforc\u00e9e au Darfour \u00e0 des fins de surveillance, estime l&rsquo;ONG.<\/p>\n<p>Selon l&rsquo;Onu, la derni\u00e8re attaque contre des civils dans la ville de Kulbus et les villages voisins, dans l&rsquo;Ouest du Darfour, entre le 6 et le 11 juin, a fait au moins 125 morts, dont cinq enfants, plus de 100 bless\u00e9s et 33.000 d\u00e9plac\u00e9s. La plupart des victimes seraient des membres de la communaut\u00e9 non arabe Gimir.<\/p>\n<p>Le Bureau des Nations unies pour la coordination des affaires humanitaires (OCHA) a signal\u00e9 que pr\u00e8s de 25 villages de la communaut\u00e9 Gimir ont \u00e9t\u00e9 incendi\u00e9s en cinq jours, pr\u00e9tendument par des membres arm\u00e9s des communaut\u00e9s arabes Rizeigat et Abbala, qui s&rsquo;\u00e9taient mobilis\u00e9s contre la communaut\u00e9 Gimir \u00e0 la suite d&rsquo;un litige entre deux individus.<\/p>\n<p>Cet article <a rel=\"nofollow\" href=\"https:\/\/www.journalducameroun.com\/soudan-nouvelles-attaques-meurtrieres-au-darfour-ong\/\">Soudan : nouvelles attaques meurtri\u00e8res au Darfour (ONG)<\/a> est apparu en premier sur <a rel=\"nofollow\" href=\"https:\/\/www.journalducameroun.com\/\">Journal du Cameroun<\/a>.<\/p>\n<\/div>\n<p>Auteur: APA News<br \/>\n<a href=\"https:\/\/www.journalducameroun.com\/soudan-nouvelles-attaques-meurtrieres-au-darfour-ong\/\">Cliquez ici pour lire l&rsquo;article depuis sa source.<\/a><\/p>\n","protected":false},"excerpt":{"rendered":"<p>Les victimes sont des civils qui r\u00e9sidaient dans les villes de Kerenik et Kulbus situ\u00e9es au Darfour occidental.Au Soudan, les attaques meurtri\u00e8res contre des civils persistent depuis avril 2022. L&rsquo;Organisation non gouvernementale de d\u00e9fense des droits humains, Human Rights Watch (HRW) a r\u00e9v\u00e9l\u00e9, ce mercredi 22 juin, que des assaillants arm\u00e9s ont tu\u00e9 dans l&rsquo;Ouest [&hellip;]<\/p>\n","protected":false},"author":1965,"featured_media":0,"comment_status":"closed","ping_status":"closed","sticky":false,"template":"","format":"standard","meta":{"fifu_image_url":"https:\/\/www.journalducameroun.com\/wp-content\/uploads\/2022\/06\/16559182838422.jpg","fifu_image_alt":"Soudan : nouvelles attaques meurtri\u00e8res au Darfour (ONG)","footnotes":""},"categories":[73,82],"tags":[],"class_list":["post-150783","post","type-post","status-publish","format-standard","hentry","category-actualite","category-cameroun"],"_links":{"self":[{"href":"https:\/\/linitiative.ca\/International\/wp-json\/wp\/v2\/posts\/150783","targetHints":{"allow":["GET"]}}],"collection":[{"href":"https:\/\/linitiative.ca\/International\/wp-json\/wp\/v2\/posts"}],"about":[{"href":"https:\/\/linitiative.ca\/International\/wp-json\/wp\/v2\/types\/post"}],"author":[{"embeddable":true,"href":"https:\/\/linitiative.ca\/International\/wp-json\/wp\/v2\/users\/1965"}],"replies":[{"embeddable":true,"href":"https:\/\/linitiative.ca\/International\/wp-json\/wp\/v2\/comments?post=150783"}],"version-history":[{"count":0,"href":"https:\/\/linitiative.ca\/International\/wp-json\/wp\/v2\/posts\/150783\/revisions"}],"wp:attachment":[{"href":"https:\/\/linitiative.ca\/International\/wp-json\/wp\/v2\/media?parent=150783"}],"wp:term":[{"taxonomy":"category","embeddable":true,"href":"https:\/\/linitiative.ca\/International\/wp-json\/wp\/v2\/categories?post=150783"},{"taxonomy":"post_tag","embeddable":true,"href":"https:\/\/linitiative.ca\/International\/wp-json\/wp\/v2\/tags?post=150783"}],"curies":[{"name":"wp","href":"https:\/\/api.w.org\/{rel}","templated":true}]}}