{"id":15079,"date":"2019-02-18T05:00:00","date_gmt":"2019-02-18T10:00:00","guid":{"rendered":"https:\/\/linitiative.ca\/International\/le-corps-sans-vie-dun-jeune-repeche\/"},"modified":"2019-02-18T05:00:00","modified_gmt":"2019-02-18T10:00:00","slug":"le-corps-sans-vie-dun-jeune-repeche","status":"publish","type":"post","link":"https:\/\/linitiative.ca\/International\/le-corps-sans-vie-dun-jeune-repeche\/","title":{"rendered":"Le corps sans vie d&rsquo;un jeune rep\u00each\u00e9"},"content":{"rendered":"<div id=\"originalText\" readability=\"44\">\n<p>\u00a0Le d\u00e9rapage suivi d\u2019une chute d\u2019un v\u00e9hicule l\u00e9ger immatricul\u00e9 en Tunisie, hier matin, du haut d\u2019une falaise \u00e0 la sortie du premier tunnel \u00e0 Melbou, a caus\u00e9 la mort d\u2019un jeune de 32 ans, a-t-on appris aupr\u00e8s de la Protection civile de B\u00e9ja\u00efa. Selon la m\u00eame source, des plongeurs de la Protection civile, aid\u00e9s par ceux de la Marine nationale, sont intervenus d\u00e8s 7h30.<br \/>Les recherches engag\u00e9es se sont sold\u00e9es par le rep\u00eachage de la victime, B. H., un jeune natif de Taher dans la wilaya de Jijel.\u00a0<\/p>\n<\/div>\n<div id=\"text_core\" readability=\"44\">\n<p>\u00a0Le d\u00e9rapage suivi d\u2019une chute d\u2019un v\u00e9hicule l\u00e9ger immatricul\u00e9 en Tunisie, hier matin, du haut d\u2019une falaise \u00e0 la sortie du premier tunnel \u00e0 Melbou, a caus\u00e9 la mort d\u2019un jeune de 32 ans, a-t-on appris aupr\u00e8s de la Protection civile de B\u00e9ja\u00efa. Selon la m\u00eame source, des plongeurs de la Protection civile, aid\u00e9s par ceux de la Marine nationale, sont intervenus d\u00e8s 7h30.<br \/>Les recherches engag\u00e9es se sont sold\u00e9es par le rep\u00eachage de la victime, B. H., un jeune natif de Taher dans la wilaya de Jijel.\u00a0<\/p>\n<\/div>\n<p>Auteur:<br \/>\n<a href=\"https:\/\/www.liberte-algerie.com\/actualite\/le-corps-sans-vie-dun-jeune-repeche-309698\">Cliquez ici pour lire l&rsquo;article depuis sa source.<\/a><\/p>\n","protected":false},"excerpt":{"rendered":"<p>\u00a0Le d\u00e9rapage suivi d\u2019une chute d\u2019un v\u00e9hicule l\u00e9ger immatricul\u00e9 en Tunisie, hier matin, du haut d\u2019une falaise \u00e0 la sortie du premier tunnel \u00e0 Melbou, a caus\u00e9 la mort d\u2019un jeune de 32 ans, a-t-on appris aupr\u00e8s de la Protection civile de B\u00e9ja\u00efa. Selon la m\u00eame source, des plongeurs de la Protection civile, aid\u00e9s par [&hellip;]<\/p>\n","protected":false},"author":1742,"featured_media":0,"comment_status":"closed","ping_status":"closed","sticky":false,"template":"","format":"standard","meta":{"fifu_image_url":"","fifu_image_alt":"","footnotes":""},"categories":[73,53],"tags":[],"class_list":["post-15079","post","type-post","status-publish","format-standard","hentry","category-actualite","category-algerie"],"_links":{"self":[{"href":"https:\/\/linitiative.ca\/International\/wp-json\/wp\/v2\/posts\/15079","targetHints":{"allow":["GET"]}}],"collection":[{"href":"https:\/\/linitiative.ca\/International\/wp-json\/wp\/v2\/posts"}],"about":[{"href":"https:\/\/linitiative.ca\/International\/wp-json\/wp\/v2\/types\/post"}],"author":[{"embeddable":true,"href":"https:\/\/linitiative.ca\/International\/wp-json\/wp\/v2\/users\/1742"}],"replies":[{"embeddable":true,"href":"https:\/\/linitiative.ca\/International\/wp-json\/wp\/v2\/comments?post=15079"}],"version-history":[{"count":0,"href":"https:\/\/linitiative.ca\/International\/wp-json\/wp\/v2\/posts\/15079\/revisions"}],"wp:attachment":[{"href":"https:\/\/linitiative.ca\/International\/wp-json\/wp\/v2\/media?parent=15079"}],"wp:term":[{"taxonomy":"category","embeddable":true,"href":"https:\/\/linitiative.ca\/International\/wp-json\/wp\/v2\/categories?post=15079"},{"taxonomy":"post_tag","embeddable":true,"href":"https:\/\/linitiative.ca\/International\/wp-json\/wp\/v2\/tags?post=15079"}],"curies":[{"name":"wp","href":"https:\/\/api.w.org\/{rel}","templated":true}]}}