{"id":150791,"date":"2022-06-22T15:31:16","date_gmt":"2022-06-22T19:31:16","guid":{"rendered":"https:\/\/linitiative.ca\/International\/etablissements-publics-la-mipromalo-a-recupere-572-de-ses-creances-en-2021\/"},"modified":"2022-06-22T15:31:16","modified_gmt":"2022-06-22T19:31:16","slug":"etablissements-publics-la-mipromalo-a-recupere-572-de-ses-creances-en-2021","status":"publish","type":"post","link":"https:\/\/linitiative.ca\/International\/etablissements-publics-la-mipromalo-a-recupere-572-de-ses-creances-en-2021\/","title":{"rendered":"Etablissements publics :\u00a0la Mipromalo a r\u00e9cup\u00e9r\u00e9 57,2% de ses cr\u00e9ances en 2021"},"content":{"rendered":"<div>\n<p>En 2021, la Mission de promotion des mat\u00e9riels locaux, affiche des r\u00e9sultats plut\u00f4t encourageants. Si l\u2019on s\u2019en tient aux chiffres rendus publics lors\u00a0de la 67<sup>\u00e8me<\/sup>\u00a0session ordinaire de son conseil d\u2019Administration, cette structure \u00e9tatique a recouvr\u00e9 au cours de l\u2019exercice 2021, 57,2% de ses cr\u00e9ances. Soit un montant de 1,4 milliard de FCFA, en valeur absolue. Des r\u00e9sultats qui sont subs\u00e9quents \u00e0 l\u2019impact de l\u2019environnement externe bas\u00e9 sur deux hypoth\u00e8ses majeures avec lesquelles le budget 2021 a \u00e9t\u00e9 \u00e9labor\u00e9. Il s\u2019agit tout d\u2019abord de la budg\u00e9tisation en d\u00e9but d\u2019ann\u00e9e 2021 des cr\u00e9dits de pr\u00e8s de 320 millions de FCFA attendus de la signature de la convention Minist\u00e8re des Travaux Publics (Mintp)- Mipromalo et du reliquat inh\u00e9rent \u00e0 ladite convention au titre de l\u2019ann\u00e9e 2018. Ensuite il y a le budget de l\u2019ann\u00e9e derni\u00e8re qui a \u00e9t\u00e9 produit sur l\u2019hypoth\u00e8se des recettes d\u2019environ 441 millions de FCFA attendues de la vente du p\u00f4le semi-industriel de Nkolbisson gr\u00e2ce \u00e0 la mise en service du four tunnel.<\/p>\n<p><strong>Lire aussi : <a href=\"https:\/\/ecomatin.net\/le-budget-de-la-minpromalo-augmente-de-227-en-2021\/\" target=\"_blank\" rel=\"noreferrer noopener\">Le budget de la Minpromalo augmente de 22,7% en 2021<\/a><\/strong><\/p>\n<p>Pour le compte de l\u2019exercice 2021, \u00a0le budget de la Mipromalo a culmin\u00e9 \u00e0 2,4 milliards de FCFA. Ce qui correspond \u00e0 une hausse de 22,7% par rapport au budget de l\u2019exercice 2020 qui \u00e9tait de 1,8 milliard de FCFA. En dehors des comptes chiffr\u00e9s, les membres du conseil d\u2019administration ont \u00e9galement \u00e9valu\u00e9 minutieusement la mise en \u0153uvre des prescriptions formul\u00e9es dans le cadre de l\u2019\u00e9laboration du budget 2022 qui n\u2019est pas encore connu. Il ressort de cette derni\u00e8re que les recommandations et r\u00e9solutions ont \u00e9t\u00e9 respect\u00e9es par le directeur g\u00e9n\u00e9ral de la Mipromalo, Boubakar Likiby. Il s\u2019agissait notamment de l\u2019am\u00e9lioration de la recherche, du fonctionnement et de la gestion sociale du personnel de la Mipromalo.<\/p>\n<p><strong>Lire aussi : <a href=\"https:\/\/ecomatin.net\/materiaux-de-construction-letat-complice-de-la-flambee-des-prix\/\" target=\"_blank\" rel=\"noreferrer noopener\">Mat\u00e9riaux de construction : l\u2019\u00e9tat complice de la flamb\u00e9e des prix ?<\/a><\/strong><\/p>\n<p>Rappelons que la Mipromalo a \u00e9t\u00e9 cr\u00e9\u00e9e par d\u00e9cret pr\u00e9sidentiel\u00a0 le 18 septembre 1990. Elle a pour but de valoriser l\u2019emploi des mat\u00e9riaux localement fabriqu\u00e9s au Cameroun en vue de r\u00e9duire les co\u00fbts de r\u00e9alisation des \u00e9quipements nationaux.<\/p>\n<p><strong>Emilienne NSEME<\/strong><\/p>\n<p><strong>Lire aussi : <a href=\"https:\/\/ecomatin.net\/materiaux-locaux-la-mipromalo-lance-une-ecole-de-formation\/\" target=\"_blank\" rel=\"noreferrer noopener\">Mat\u00e9riaux locaux : la Mipromalo lance une \u00e9cole de formation<\/a><\/strong><\/p>\n<p>L\u2019article <a rel=\"nofollow\" href=\"https:\/\/ecomatin.net\/etablissements-publics-la-mipromalo-a-recupere-572-de-ses-creances-en-2021\/\">Etablissements publics :\u00a0la Mipromalo a r\u00e9cup\u00e9r\u00e9 57,2% de ses cr\u00e9ances en 2021<\/a> est apparu en premier sur <a rel=\"nofollow\" href=\"https:\/\/ecomatin.net\/\">EcoMatin<\/a>.<\/p>\n<\/div>\n<p>Auteur: EcoMatin<br \/>\n<a href=\"https:\/\/ecomatin.net\/etablissements-publics-la-mipromalo-a-recupere-572-de-ses-creances-en-2021\/\">Cliquez ici pour lire l&rsquo;article depuis sa source.<\/a><\/p>\n","protected":false},"excerpt":{"rendered":"<p>En 2021, la Mission de promotion des mat\u00e9riels locaux, affiche des r\u00e9sultats plut\u00f4t encourageants. Si l\u2019on s\u2019en tient aux chiffres rendus publics lors\u00a0de la 67\u00e8me\u00a0session ordinaire de son conseil d\u2019Administration, cette structure \u00e9tatique a recouvr\u00e9 au cours de l\u2019exercice 2021, 57,2% de ses cr\u00e9ances. Soit un montant de 1,4 milliard de FCFA, en valeur absolue. [&hellip;]<\/p>\n","protected":false},"author":1969,"featured_media":0,"comment_status":"closed","ping_status":"closed","sticky":false,"template":"","format":"standard","meta":{"fifu_image_url":"","fifu_image_alt":"","footnotes":""},"categories":[82,78],"tags":[],"class_list":["post-150791","post","type-post","status-publish","format-standard","hentry","category-cameroun","category-economie"],"_links":{"self":[{"href":"https:\/\/linitiative.ca\/International\/wp-json\/wp\/v2\/posts\/150791","targetHints":{"allow":["GET"]}}],"collection":[{"href":"https:\/\/linitiative.ca\/International\/wp-json\/wp\/v2\/posts"}],"about":[{"href":"https:\/\/linitiative.ca\/International\/wp-json\/wp\/v2\/types\/post"}],"author":[{"embeddable":true,"href":"https:\/\/linitiative.ca\/International\/wp-json\/wp\/v2\/users\/1969"}],"replies":[{"embeddable":true,"href":"https:\/\/linitiative.ca\/International\/wp-json\/wp\/v2\/comments?post=150791"}],"version-history":[{"count":0,"href":"https:\/\/linitiative.ca\/International\/wp-json\/wp\/v2\/posts\/150791\/revisions"}],"wp:attachment":[{"href":"https:\/\/linitiative.ca\/International\/wp-json\/wp\/v2\/media?parent=150791"}],"wp:term":[{"taxonomy":"category","embeddable":true,"href":"https:\/\/linitiative.ca\/International\/wp-json\/wp\/v2\/categories?post=150791"},{"taxonomy":"post_tag","embeddable":true,"href":"https:\/\/linitiative.ca\/International\/wp-json\/wp\/v2\/tags?post=150791"}],"curies":[{"name":"wp","href":"https:\/\/api.w.org\/{rel}","templated":true}]}}