{"id":150792,"date":"2022-06-23T07:48:01","date_gmt":"2022-06-23T11:48:01","guid":{"rendered":"https:\/\/linitiative.ca\/International\/au-menu-des-activites-et-des-animations-reparties-sur-deux-espaces-la-premiere-edition-danfa-park-en-fete-declaree-ouverte\/"},"modified":"2022-06-23T07:48:01","modified_gmt":"2022-06-23T11:48:01","slug":"au-menu-des-activites-et-des-animations-reparties-sur-deux-espaces-la-premiere-edition-danfa-park-en-fete-declaree-ouverte","status":"publish","type":"post","link":"https:\/\/linitiative.ca\/International\/au-menu-des-activites-et-des-animations-reparties-sur-deux-espaces-la-premiere-edition-danfa-park-en-fete-declaree-ouverte\/","title":{"rendered":"Au menu, des activit\u00e9s et des animations r\u00e9parties sur deux espaces: La premi\u00e8re \u00e9dition d\u2019Anfa Park en f\u00eate d\u00e9clar\u00e9e ouverte"},"content":{"rendered":"<div>\n<p><img decoding=\"async\" width=\"300\" height=\"153\" src=\"https:\/\/linitiative.ca\/International\/wp-content\/uploads\/sites\/23\/2022\/06\/Anfa-Park-En-Fete-300x153-1.jpg\" class=\"attachment-medium size-medium wp-post-image\" alt=\"\" loading=\"lazy\" srcset=\"https:\/\/linitiative.ca\/International\/wp-content\/uploads\/sites\/23\/2022\/06\/Anfa-Park-En-Fete-300x153-1.jpg 300w, https:\/\/aujourdhui.ma\/wp-content\/uploads\/2022\/06\/Anfa-Park-En-Fete-274x140.jpg 274w, https:\/\/aujourdhui.ma\/wp-content\/uploads\/2022\/06\/Anfa-Park-En-Fete.jpg 746w, https:\/\/aujourdhui.ma\/wp-content\/uploads\/2022\/06\/Anfa-Park-En-Fete-165x84.jpg 165w, https:\/\/aujourdhui.ma\/wp-content\/uploads\/2022\/06\/Anfa-Park-En-Fete-702x358.jpg 702w\" sizes=\"auto, (max-width: 300px) 100vw, 300px\"><\/p>\n<p><span style=\"font-size: 20px; color: #800000;\"><strong>Anfa Park s\u2019anime de festivit\u00e9s au rythme de nombreux \u00e9v\u00e9nements et activit\u00e9s culturelles, artistiques, sportives et p\u00e9dagogiques.<\/strong> <\/span><span id=\"more-411474\"><\/span><\/p>\n<p>Le site c\u00e9l\u00e8bre jusqu\u2019au 30 juin 2022 la premi\u00e8re \u00e9dition de l\u2019\u00e9v\u00e9nement \u00abAnfa Park en f\u00eate\u00bb, un \u00e9v\u00e9nement organis\u00e9 en partenariat avec l\u2019Agence d\u2019\u00e9v\u00e9nementiel culturel Seven PM, l\u2019association Jazz au Maroc, l\u2019Institut fran\u00e7ais de Casablanca et la F\u00e9d\u00e9ration nationale des promoteurs immobiliers (FNPI). \u00abA travers l\u2019\u00e9v\u00e9nement Anfa Park en f\u00eate, l\u2019Auda a pour r\u00f4le en tant qu\u2019acteur du d\u00e9veloppement territorial de proposer une offre culturelle riche et diversifi\u00e9e\u00bb, apprend-on de l\u2019Auda, filiale du Groupe CDG, ma\u00eetre d\u2019ouvrage du projet Casa Anfa et gestionnaire d\u2019Anfa Park. Et de pr\u00e9ciser qu\u2019\u00ab\u00e0 travers la r\u00e9cente installation de Jazzablanca Festival \u00e0 Anfa Park, l\u2019Auda renforce son engagement en faveur de la culture qu\u2019elle consid\u00e8re comme un facteur social de d\u00e9veloppement et r\u00e9affirme sa volont\u00e9 de positionner Casa Anfa en tant que destination culturelle phare\u00bb. Diff\u00e9rentes activit\u00e9s et animations, r\u00e9parties sur deux espaces, sont programm\u00e9es tout au long de ces 10 jours dans l\u2019enceinte du parc. Le but \u00e9tant de divertir les visiteurs \u00e0 travers une programmation riche et vari\u00e9e. Au menu : F\u00eate de la musique, les foul\u00e9es de Casa Anfa, la nuit \u00e9lectronique, les concerts de jeunes talents marocains, les ateliers de street art, les animations X games, une marketplace, le Salon Immogallery, un food court ainsi que d\u2019autres activit\u00e9s sportives, ludiques et culturelles. Immersion dans cette ambiance festive.<\/p>\n<p><span style=\"color: #ff0000;\"><strong>Une large palette d\u2019animations programm\u00e9e \u00e0 \u00abAnfa Park en f\u00eate\u00bb<\/strong><\/span><\/p>\n<p><img loading=\"lazy\" decoding=\"async\" class=\"aligncenter size-full wp-image-411478\" src=\"https:\/\/linitiative.ca\/International\/wp-content\/uploads\/sites\/23\/2022\/06\/Anfa-Park-Fete.jpg\" alt=\"\" width=\"746\" height=\"380\" srcset=\"https:\/\/linitiative.ca\/International\/wp-content\/uploads\/sites\/23\/2022\/06\/Anfa-Park-Fete.jpg 746w, https:\/\/aujourdhui.ma\/wp-content\/uploads\/2022\/06\/Anfa-Park-Fete-300x153.jpg 300w, https:\/\/aujourdhui.ma\/wp-content\/uploads\/2022\/06\/Anfa-Park-Fete-274x140.jpg 274w, https:\/\/aujourdhui.ma\/wp-content\/uploads\/2022\/06\/Anfa-Park-Fete-165x84.jpg 165w, https:\/\/aujourdhui.ma\/wp-content\/uploads\/2022\/06\/Anfa-Park-Fete-702x358.jpg 702w\" sizes=\"auto, (max-width: 746px) 100vw, 746px\"><\/p>\n<p>Parmi les espaces d\u2019animation propos\u00e9s, on cite \u00abAnfa Park en f\u00eate\u00bb. Organis\u00e9 en partenariat avec l\u2019association Jazz au Maroc, cet espace accessible \u00e0 tous propose des animations gratuites de 10h du matin jusqu\u2019\u00e0 20h du soir. Citons dans ce sens les concerts, yoga, Koora Pool, p\u00e9tanque, Fit Cube \u2013 Salle de sport mobile, animation X Gomes dans le skatepark, squid gaine g\u00e9ant, ateliers street art. L\u2019Institut fran\u00e7ais de Casablanca y est pr\u00e9sent \u00e0 travers son \u00abbibliotobiss\u00bb et l\u2019exposition \u00e0 la d\u00e9couverte de la r\u00e9alit\u00e9 augment\u00e9e. Situ\u00e9 \u00e0 l\u2019entr\u00e9e d\u2019Anfa Park, le Bibliotobiss se veut un espace mobile am\u00e9nag\u00e9 dans un conteneur. Il est compos\u00e9 d\u2019une biblioth\u00e8que contenant plus de 300 livres en fran\u00e7ais et en arabe, d\u2019un espace num\u00e9rique et multim\u00e9dia ainsi que d\u2019un espace Micro-Folies et d\u2019un mus\u00e9e num\u00e9rique pr\u00e9sentant les grandes collections mus\u00e9ales fran\u00e7aises et europ\u00e9ennes. Pour sa part, l\u2019exposition Faune par Adrien M &amp; Claire B x Brest Brest Brest se veut un parcours surprenant en r\u00e9alit\u00e9 augment\u00e9e o\u00f9 une vie animale cach\u00e9e \u00e9merge d\u2019affiches de grand format permettant de d\u00e9voiler, au creux du paysage dans l\u2019image, une entit\u00e9 vivante imaginaire nich\u00e9e. Notons que \u00abAnfa Park en f\u00eate\u00bb abritera le 26 juin de 7h \u00e0 12h la deuxi\u00e8me \u00e9dition des \u00abFoul\u00e9es de Casa Anfa\u00bb, courses sur 5 km et sur 10 km ainsi qu\u2019un Kids run. Se r\u00e9f\u00e9rant aux organisateurs, la participation d\u2019\u00e9quipes d\u2019entreprises sera r\u00e9compens\u00e9e par un prix RSE attribu\u00e9 \u00e0 l\u2019entreprise qui mobilisera le plus de collaborateurs.<\/p>\n<p><span style=\"color: #ff0000;\"><strong>\u00abVillage Casa Anfa\u00bb, un espace privatif au c\u0153ur d\u2019Anfa Park<\/strong><\/span><\/p>\n<p><img loading=\"lazy\" decoding=\"async\" class=\"aligncenter size-full wp-image-411476\" src=\"https:\/\/linitiative.ca\/International\/wp-content\/uploads\/sites\/23\/2022\/06\/Anfa-park.jpg\" alt=\"\" width=\"746\" height=\"219\" srcset=\"https:\/\/linitiative.ca\/International\/wp-content\/uploads\/sites\/23\/2022\/06\/Anfa-park.jpg 746w, https:\/\/aujourdhui.ma\/wp-content\/uploads\/2022\/06\/Anfa-park-300x88.jpg 300w\" sizes=\"auto, (max-width: 746px) 100vw, 746px\"><\/p>\n<p>Pour ce qui est de l\u2019espace \u00abVillage Casa Anfa\u00bb, il se veut le fruit d\u2019un partenariat \u00e9tabli entre FNPI et Seven PM, agence organisatrice de Jazzablanca Festival, du Festival Tanjazz et de Music Talent. Cet espace privatis\u00e9 au sein d\u2019Anfa Park propose chaque jour de 11h \u00e0 minuit une s\u00e9rie de concerts quotidiens de jeunes talents marocains, une sc\u00e8ne d\u00e9di\u00e9e, une gaming zone, une marketplace, le Salon Immogallery et un food court de restauration vari\u00e9e (cor\u00e9en, africain, japonais, am\u00e9ricain burgers et hot dogs, restaurant du port de Mohammedia, ..). L\u2019un des \u00e9v\u00e9nements phares de cet espace est la \u00abNuit Electronique\u00bb. Pr\u00e9vu le samedi 25 juin, ce rendez-vous organis\u00e9 par l\u2019Institut fran\u00e7ais sera pr\u00e9c\u00e9d\u00e9 d\u2019un grand \u00abpique-nique \u00e9lectro\u00bb et ce \u00e0 partir de 12h avec la prestation de plusieurs DJ renomm\u00e9s des sc\u00e8nes marocaine et fran\u00e7aise. Un volet qui inclut aussi des rencontres professionnelles. Rappelons que pour acc\u00e9der au village Casa Anfa, une billetterie est disponible sur place \u00e0 Anfa Park et sur \u00ab <strong><span style=\"color: #3366ff;\"><a style=\"color: #3366ff;\" href=\"https:\/\/www.guichet.com\/\" target=\"_blank\" rel=\"noopener\">guichet.ma<\/a><\/span><\/strong> \u00bb. Le ticket d\u2019entr\u00e9e offre \u00e9galement un bon d\u2019achat valable dans l\u2019espace food-court.<\/p>\n<p><img loading=\"lazy\" decoding=\"async\" class=\"aligncenter size-full wp-image-411477\" src=\"https:\/\/linitiative.ca\/International\/wp-content\/uploads\/sites\/23\/2022\/06\/Sport-anfa-park.jpg\" alt=\"\" width=\"746\" height=\"233\" srcset=\"https:\/\/linitiative.ca\/International\/wp-content\/uploads\/sites\/23\/2022\/06\/Sport-anfa-park.jpg 746w, https:\/\/aujourdhui.ma\/wp-content\/uploads\/2022\/06\/Sport-anfa-park-300x94.jpg 300w\" sizes=\"auto, (max-width: 746px) 100vw, 746px\"><\/p>\n<\/div>\n<p>Auteur: ALM<br \/>\n<a href=\"https:\/\/aujourdhui.ma\/actualite\/au-menu-des-activites-et-des-animations-reparties-sur-deux-espaces-la-premiere-edition-danfa-park-en-fete-declaree-ouverte\">Cliquez ici pour lire l&rsquo;article depuis sa source.<\/a><\/p>\n","protected":false},"excerpt":{"rendered":"<p>Anfa Park s\u2019anime de festivit\u00e9s au rythme de nombreux \u00e9v\u00e9nements et activit\u00e9s culturelles, artistiques, sportives et p\u00e9dagogiques. Le site c\u00e9l\u00e8bre jusqu\u2019au 30 juin 2022 la premi\u00e8re \u00e9dition de l\u2019\u00e9v\u00e9nement \u00abAnfa Park en f\u00eate\u00bb, un \u00e9v\u00e9nement organis\u00e9 en partenariat avec l\u2019Agence d\u2019\u00e9v\u00e9nementiel culturel Seven PM, l\u2019association Jazz au Maroc, l\u2019Institut fran\u00e7ais de Casablanca et la F\u00e9d\u00e9ration [&hellip;]<\/p>\n","protected":false},"author":1759,"featured_media":0,"comment_status":"closed","ping_status":"closed","sticky":false,"template":"","format":"standard","meta":{"fifu_image_url":"https:\/\/aujourdhui.ma\/wp-content\/uploads\/2022\/06\/Anfa-Park-En-Fete-300x153.jpg","fifu_image_alt":"Au menu, des activit\u00e9s et des animations r\u00e9parties sur deux espaces: La premi\u00e8re \u00e9dition d\u2019Anfa Park en f\u00eate d\u00e9clar\u00e9e ouverte","footnotes":""},"categories":[73,54],"tags":[],"class_list":["post-150792","post","type-post","status-publish","format-standard","hentry","category-actualite","category-maroc"],"_links":{"self":[{"href":"https:\/\/linitiative.ca\/International\/wp-json\/wp\/v2\/posts\/150792","targetHints":{"allow":["GET"]}}],"collection":[{"href":"https:\/\/linitiative.ca\/International\/wp-json\/wp\/v2\/posts"}],"about":[{"href":"https:\/\/linitiative.ca\/International\/wp-json\/wp\/v2\/types\/post"}],"author":[{"embeddable":true,"href":"https:\/\/linitiative.ca\/International\/wp-json\/wp\/v2\/users\/1759"}],"replies":[{"embeddable":true,"href":"https:\/\/linitiative.ca\/International\/wp-json\/wp\/v2\/comments?post=150792"}],"version-history":[{"count":0,"href":"https:\/\/linitiative.ca\/International\/wp-json\/wp\/v2\/posts\/150792\/revisions"}],"wp:attachment":[{"href":"https:\/\/linitiative.ca\/International\/wp-json\/wp\/v2\/media?parent=150792"}],"wp:term":[{"taxonomy":"category","embeddable":true,"href":"https:\/\/linitiative.ca\/International\/wp-json\/wp\/v2\/categories?post=150792"},{"taxonomy":"post_tag","embeddable":true,"href":"https:\/\/linitiative.ca\/International\/wp-json\/wp\/v2\/tags?post=150792"}],"curies":[{"name":"wp","href":"https:\/\/api.w.org\/{rel}","templated":true}]}}