{"id":150799,"date":"2022-06-23T09:00:54","date_gmt":"2022-06-23T13:00:54","guid":{"rendered":"https:\/\/linitiative.ca\/International\/attractivite-economique-510-jours-pour-linstruction-des-dossiers-dinvestissement-dans-le-souss\/"},"modified":"2022-06-23T09:00:54","modified_gmt":"2022-06-23T13:00:54","slug":"attractivite-economique-510-jours-pour-linstruction-des-dossiers-dinvestissement-dans-le-souss","status":"publish","type":"post","link":"https:\/\/linitiative.ca\/International\/attractivite-economique-510-jours-pour-linstruction-des-dossiers-dinvestissement-dans-le-souss\/","title":{"rendered":"Attractivit\u00e9 \u00e9conomique\u00a0: 5,10 jours pour l\u2019instruction des dossiers d\u2019investissement dans le Souss"},"content":{"rendered":"<div>\n<p><img decoding=\"async\" width=\"300\" height=\"153\" src=\"https:\/\/linitiative.ca\/International\/wp-content\/uploads\/sites\/23\/2022\/06\/Agadir-300x153-1.jpg\" class=\"attachment-medium size-medium wp-post-image\" alt=\"\" loading=\"lazy\" srcset=\"https:\/\/linitiative.ca\/International\/wp-content\/uploads\/sites\/23\/2022\/06\/Agadir-300x153-1.jpg 300w, https:\/\/aujourdhui.ma\/wp-content\/uploads\/2022\/06\/Agadir-274x140.jpg 274w, https:\/\/aujourdhui.ma\/wp-content\/uploads\/2022\/06\/Agadir.jpg 746w, https:\/\/aujourdhui.ma\/wp-content\/uploads\/2022\/06\/Agadir-165x84.jpg 165w, https:\/\/aujourdhui.ma\/wp-content\/uploads\/2022\/06\/Agadir-702x358.jpg 702w\" sizes=\"auto, (max-width: 300px) 100vw, 300px\"><\/p>\n<p><span style=\"font-size: 20px; color: #800000;\"><strong>Le d\u00e9lai d\u2019instruction des dossiers d\u2019investissement au niveau de la r\u00e9gion de Souss-Massa est aujourd\u2019hui de l\u2019ordre de 5,10 jours. Ce chiffre a \u00e9t\u00e9 pr\u00e9sent\u00e9 lors du webinaire organis\u00e9 mercredi \u00e0 l\u2019initiative de la Conf\u00e9d\u00e9ration fran\u00e7aise des petites et moyennes entreprises (CPME) et le Centre r\u00e9gional d\u2019investissement Souss-Massa.<\/strong> <\/span><span id=\"more-411438\"><\/span><\/p>\n<p>Ce webinaire tenu sous le th\u00e8me \u00abEnvie d\u2019international\u00bb a pour objectif de faire conna\u00eetre l\u2019\u00e9cosyst\u00e8me et les opportunit\u00e9s d\u2019investissements \u00e0 travers les interventions de partenaires cl\u00e9s.<\/p>\n<p>Avec un programme con\u00e7u par et pour les chefs d\u2019entreprise, les th\u00e9matiques abord\u00e9es ont permis d\u2019explorer les opportunit\u00e9s dans les secteurs du num\u00e9rique et offshoring, agroalimentaire, import-export, industrie. Le webinaire a \u00e9t\u00e9 marqu\u00e9 par une session d\u2019\u00e9changes pendant laquelle les experts ont r\u00e9pondu \u00e0 diff\u00e9rentes questions des participants.<\/p>\n<p>Lors de son intervention \u00e0 cette occasion, Yazid Ouahmanen, chef de division Promotion territoriale au sein du CRI Souss-Massa, s\u2019est arr\u00eat\u00e9 sur la dynamique d\u2019investissement impuls\u00e9e par le CRI et le collectif r\u00e9gional\u00a0et qui ont permis \u00e0 la r\u00e9gion de drainer plus de 13 milliards d\u2019investissements en 2021. Ceux-ci devraient cr\u00e9er plus de 12 mille emplois directs, alors que le d\u00e9lai moyen d\u2019instruction au niveau de la Commission r\u00e9gionale unifi\u00e9e de l\u2019investissement (CRUI) en 2021 a atteint 5,10 jours contre 10,9 jours en moyenne nationale.<\/p>\n<p>Par ailleurs, le CRI de Souss-Massa a doubl\u00e9 ses efforts pour l\u2019accompagnement de l\u2019ensemble de l\u2019\u00e9cosyst\u00e8me d\u2019investissement \u00e0 travers notamment l\u2019\u00e9laboration de plusieurs guides et documents autour de l\u2019offre territoriale au profit des porteurs de projets et des investisseurs tels le guide du foncier touristique, le guide de foncier industriel et la cartographie digitale. Selon M. Ouhmanen, la r\u00e9gion offre une formation riche et un bassin d\u2019emploi qualifi\u00e9 avec un effectif de plus de 120.000 \u00e9tudiants et plus de 2.000 dipl\u00f4m\u00e9s chaque ann\u00e9e dans le digital et l\u2019offshoring, toutes formations confondues.<br \/>\nCe dernier a pass\u00e9 en revue les mesures incitatives r\u00e9gionales dont l\u2019appui aux nouveaux projets d\u2019investissement de 250 MAD\/m\u00b2 plancher, pour une superficie maximale d\u20191 ha, et une prime \u00e0 l\u2019emploi allant jusqu\u2019\u00e0 10.000 DH par emploi stable cr\u00e9\u00e9 pour les secteurs de l\u2019automobile et l\u2019offshoring.<\/p>\n<p>Selon lui la r\u00e9gion conna\u00eet aujourd\u2019hui le lancement de grands projets structurants, dont le Programme de d\u00e9veloppement urbain d\u2019Agadir 2020-2024 (6 milliards DH) pour la mise \u00e0 niveau de la ville, le renforcement du transport et mobilit\u00e9 urbaine et de l\u2019essor touristique, la pr\u00e9servation de l\u2019environnement et am\u00e9nagement des espaces verts, ainsi que la r\u00e9habilitation du patrimoine culturel et l\u2019am\u00e9lioration du cadre de vie social. Cette r\u00e9gion a \u00e9t\u00e9 la premi\u00e8re \u00e0 b\u00e9n\u00e9ficier d\u2019un Plan d\u2019acc\u00e9l\u00e9ration industrielle r\u00e9gional, lanc\u00e9 par SM le Roi Mohammed VI, le\u00a028 janvier 2018\u00a0\u00e0 Agadir. Ce programme d\u2019envergure r\u00e9gionale a donn\u00e9 naissance \u00e0 des parcs industriels modernes, \u00e0 une Cit\u00e9 de l\u2019Innovation et \u00e0 un Technopark, en plus du d\u00e9veloppement de secteurs tels que l\u2019agro-industrie, la transformation des produits de\u00a0mer, la chimie et la construction navale. Notons que durant ce webinaire l\u2019accent a \u00e9t\u00e9 mis sur la contribution majeure de la r\u00e9gion \u00e0 l\u2019\u00e9conomie nationale, ses infrastructures de transport de qualit\u00e9, son positionnement g\u00e9ographique strat\u00e9gique, et ses atouts naturels d\u2019exception.<\/p>\n<\/div>\n<p>Auteur: Mohamed Laabid<br \/>\n<a href=\"https:\/\/aujourdhui.ma\/economie\/attractivite-economique-510-jours-pour-linstruction-des-dossiers-dinvestissement-dans-le-souss\">Cliquez ici pour lire l&rsquo;article depuis sa source.<\/a><\/p>\n","protected":false},"excerpt":{"rendered":"<p>Le d\u00e9lai d\u2019instruction des dossiers d\u2019investissement au niveau de la r\u00e9gion de Souss-Massa est aujourd\u2019hui de l\u2019ordre de 5,10 jours. Ce chiffre a \u00e9t\u00e9 pr\u00e9sent\u00e9 lors du webinaire organis\u00e9 mercredi \u00e0 l\u2019initiative de la Conf\u00e9d\u00e9ration fran\u00e7aise des petites et moyennes entreprises (CPME) et le Centre r\u00e9gional d\u2019investissement Souss-Massa. Ce webinaire tenu sous le th\u00e8me \u00abEnvie [&hellip;]<\/p>\n","protected":false},"author":1759,"featured_media":0,"comment_status":"closed","ping_status":"closed","sticky":false,"template":"","format":"standard","meta":{"fifu_image_url":"https:\/\/aujourdhui.ma\/wp-content\/uploads\/2022\/06\/Agadir-300x153.jpg","fifu_image_alt":"Attractivit\u00e9 \u00e9conomique\u00a0: 5,10 jours pour l\u2019instruction des dossiers d\u2019investissement dans le Souss","footnotes":""},"categories":[73,54],"tags":[],"class_list":["post-150799","post","type-post","status-publish","format-standard","hentry","category-actualite","category-maroc"],"_links":{"self":[{"href":"https:\/\/linitiative.ca\/International\/wp-json\/wp\/v2\/posts\/150799","targetHints":{"allow":["GET"]}}],"collection":[{"href":"https:\/\/linitiative.ca\/International\/wp-json\/wp\/v2\/posts"}],"about":[{"href":"https:\/\/linitiative.ca\/International\/wp-json\/wp\/v2\/types\/post"}],"author":[{"embeddable":true,"href":"https:\/\/linitiative.ca\/International\/wp-json\/wp\/v2\/users\/1759"}],"replies":[{"embeddable":true,"href":"https:\/\/linitiative.ca\/International\/wp-json\/wp\/v2\/comments?post=150799"}],"version-history":[{"count":0,"href":"https:\/\/linitiative.ca\/International\/wp-json\/wp\/v2\/posts\/150799\/revisions"}],"wp:attachment":[{"href":"https:\/\/linitiative.ca\/International\/wp-json\/wp\/v2\/media?parent=150799"}],"wp:term":[{"taxonomy":"category","embeddable":true,"href":"https:\/\/linitiative.ca\/International\/wp-json\/wp\/v2\/categories?post=150799"},{"taxonomy":"post_tag","embeddable":true,"href":"https:\/\/linitiative.ca\/International\/wp-json\/wp\/v2\/tags?post=150799"}],"curies":[{"name":"wp","href":"https:\/\/api.w.org\/{rel}","templated":true}]}}