{"id":150815,"date":"2022-06-23T10:45:03","date_gmt":"2022-06-23T14:45:03","guid":{"rendered":"https:\/\/linitiative.ca\/International\/plaidoyer-pour-davantage-dinvestissement-dans-lhydrogene-vert\/"},"modified":"2022-06-23T10:45:03","modified_gmt":"2022-06-23T14:45:03","slug":"plaidoyer-pour-davantage-dinvestissement-dans-lhydrogene-vert","status":"publish","type":"post","link":"https:\/\/linitiative.ca\/International\/plaidoyer-pour-davantage-dinvestissement-dans-lhydrogene-vert\/","title":{"rendered":"Plaidoyer pour davantage d\u2019investissement dans l\u2019hydrog\u00e8ne vert"},"content":{"rendered":"<div>\n<div style=\"margin-bottom:20px;\"><img loading=\"lazy\" decoding=\"async\" width=\"750\" height=\"430\" src=\"https:\/\/linitiative.ca\/International\/wp-content\/uploads\/sites\/23\/2022\/06\/sommet-1-copier.jpg\" class=\"attachment-post-thumbnail size-post-thumbnail wp-post-image\" alt=\"\" srcset=\"https:\/\/linitiative.ca\/International\/wp-content\/uploads\/sites\/23\/2022\/06\/sommet-1-copier.jpg 750w, https:\/\/www.mapmarrakech.ma\/map\/uploads\/2022\/06\/sommet-1-copier-300x172.jpg 300w\" sizes=\"auto, (max-width: 750px) 100vw, 750px\"><\/div>\n<p>Les intervenants \u00e0 cette rencontre ax\u00e9e sur \u00ab\u00a0L\u2019int\u00e9gration \u00e9nerg\u00e9tique renouvelable : Quels d\u00e9fis et \u00e0 quel co\u00fbt ?\u00a0\u00bb, ont mis en relief la centralit\u00e9 de l\u2019hydrog\u00e8ne vert dans la strat\u00e9gie de la transition \u00e9nerg\u00e9tique, louant, au passage, les r\u00e9alisations accomplies \u00e0 l\u2019heure actuelle dans ce domaine et ce, gr\u00e2ce \u00e0 la politique clairvoyante de Sa Majest\u00e9 le Roi Mohammed VI.<\/p>\n<p>Ce panel auquel ont pris part un parterre d\u2019industriels, d\u2019experts et de chercheurs dans le domaine des \u00e9nergies propres, a \u00e9t\u00e9 l\u2019occasion de passer en revue les multiples avantages de l\u2019hydrog\u00e8ne vert et ses d\u00e9riv\u00e9s en termes de commercialisation, de s\u00e9curit\u00e9 de l\u2019ensemble de sa chaine de valeur, son r\u00f4le dans le renforcement de la souverainet\u00e9 \u00e9nerg\u00e9tique du pays et son impact positif sur l\u2019environnement.<\/p>\n<p>Apr\u00e8s avoir soulign\u00e9 l\u2019imp\u00e9ratif de chercher les moyens les plus efficaces pour le stockage de l\u2019hydrog\u00e8ne vert et ses d\u00e9riv\u00e9s, notamment via des solutions incluant la dimension \u00e9cologique, ils ont plaid\u00e9 en faveur de la consolidation de partenariats entre les secteurs public et priv\u00e9 op\u00e9rant dans ce domaine, tout en promouvant l\u2019action sociale aux niveaux local, r\u00e9gional et international.<\/p>\n<p>Dans la foul\u00e9e, ils ont mis en avant les r\u00f4les des entreprises africaines en termes d\u2019implication forte et effective dans ce processus, faisant observer que le Maroc qui a con\u00e7u une feuille de route claire concernant les \u00e9nergies renouvelables, constitue un mod\u00e8le \u00e0 suivre pour l\u2019ensemble des pays africains dans le domaine de l\u2019hydrog\u00e8ne vert et ses d\u00e9riv\u00e9s.<\/p>\n<p>Dans une d\u00e9claration \u00e0 M24, la chaine t\u00e9l\u00e9vis\u00e9e de l\u2019information en continu de la MAP, le Directeur G\u00e9n\u00e9ral de l\u2019Agence Marocaine de l\u2019Efficacit\u00e9 Energ\u00e9tique (AMEE), M. Said Mouline, a rappel\u00e9 le contexte actuel rendant indispensable voire imp\u00e9ratif d\u2019acc\u00e9l\u00e9rer le rythme de la transition \u00e9nerg\u00e9tique, mettant en relief la vision \u00e9clair\u00e9e de Sa Majest\u00e9 le Roi Mohammed VI concernant les \u00e9nergies renouvelables.<\/p>\n<p>\u00ab\u00a0L\u2019acc\u00e9l\u00e9ration de la transition \u00e9nerg\u00e9tique, via les \u00e9nergies propres, \u00e0 l\u2019instar de l\u2019hydrog\u00e8ne vert, requiert une parfaite maitrise des d\u00e9fis en la mati\u00e8re, afin d\u2019\u00eatre plus comp\u00e9titif et durable et d\u2019\u00eatre cr\u00e9ateur d\u2019opportunit\u00e9s d\u2019emploi\u00a0\u00bb, a-t-il expliqu\u00e9.<\/p>\n<p>Tout en rappelant que le Maroc, qui est actuellement un importateur des \u00e9nergies fossiles, peut s\u2019\u00e9riger en exportateur d\u2019\u00e9nergies renouvelables, M. Mouline s\u2019est attard\u00e9 sur la position strat\u00e9gique dont jouit le Maroc concernant les \u00e9nergies renouvelables, celles permettant de disposer de l\u2019\u00e9nergie \u00e0 co\u00fbt bas.<\/p>\n<p>\u00ab\u00a0Nous disposons d\u2019\u00e9normes opportunit\u00e9s dans ce domaine, \u00e0 condition toutefois de tenir compte des aspects \u00e9conomiques, des opportunit\u00e9s d\u2019emploi et de la durabilit\u00e9, afin que nous puissions devenir un pays exportateur d\u2019\u00e9nergies renouvelables\u00a0\u00bb, a-t-il conclu.<\/p>\n<p>Organis\u00e9 par l\u2019Institut de Recherche en Energie Solaire et Energies Nouvelles (IRESEN), en partenariat avec l\u2019Universit\u00e9 Mohammed VI Polytechnique (UM6P), le PTX22 a pour objectif de discuter des strat\u00e9gies innovantes dans le domaine de l\u2019hydrog\u00e8ne vert et de sceller des partenariats pour une nouvelle \u00e8re \u00e9nerg\u00e9tique propre.<\/p>\n<p>Lors de ce deuxi\u00e8me rendez-vous, qui se positionne, d\u00e9sormais, comme l\u2019\u00e9v\u00e9nement leader sur les plans national et continental de la fili\u00e8re hydrog\u00e8ne, des principaux investisseurs, des d\u00e9cideurs politiques, des innovateurs, des directeurs d\u2019entreprises, des leaders de l\u2019industrie et des experts de la recherche dans le domaine auront ainsi \u00e0 animer des panels et des sessions de haut niveau sur les opportunit\u00e9s offertes par l\u2019hydrog\u00e8ne vert et ses produits d\u00e9riv\u00e9s.<\/p>\n<p>The post <a rel=\"nofollow\" href=\"https:\/\/www.mapmarrakech.ma\/fr\/plaidoyer-pour-davantage-dinvestissement-dans-lhydrogene-vert\/\">Plaidoyer pour davantage d\u2019investissement dans l\u2019hydrog\u00e8ne vert<\/a> appeared first on <a rel=\"nofollow\" href=\"https:\/\/www.mapmarrakech.ma\/fr\">MapMarrakech<\/a>.<\/p>\n<\/div>\n<p>Auteur: Meriem IGASS<br \/>\n<a href=\"https:\/\/www.mapmarrakech.ma\/fr\/plaidoyer-pour-davantage-dinvestissement-dans-lhydrogene-vert\/\">Cliquez ici pour lire l&rsquo;article depuis sa source.<\/a><\/p>\n","protected":false},"excerpt":{"rendered":"<p>Les intervenants \u00e0 cette rencontre ax\u00e9e sur \u00ab\u00a0L\u2019int\u00e9gration \u00e9nerg\u00e9tique renouvelable : Quels d\u00e9fis et \u00e0 quel co\u00fbt ?\u00a0\u00bb, ont mis en relief la centralit\u00e9 de l\u2019hydrog\u00e8ne vert dans la strat\u00e9gie de la transition \u00e9nerg\u00e9tique, louant, au passage, les r\u00e9alisations accomplies \u00e0 l\u2019heure actuelle dans ce domaine et ce, gr\u00e2ce \u00e0 la politique clairvoyante de Sa [&hellip;]<\/p>\n","protected":false},"author":1788,"featured_media":0,"comment_status":"closed","ping_status":"closed","sticky":false,"template":"","format":"standard","meta":{"fifu_image_url":"https:\/\/www.mapmarrakech.ma\/map\/uploads\/2022\/06\/sommet-1-copier.jpg","fifu_image_alt":"Plaidoyer pour davantage d\u2019investissement dans l\u2019hydrog\u00e8ne vert","footnotes":""},"categories":[54,76],"tags":[],"class_list":["post-150815","post","type-post","status-publish","format-standard","hentry","category-maroc","category-regions"],"_links":{"self":[{"href":"https:\/\/linitiative.ca\/International\/wp-json\/wp\/v2\/posts\/150815","targetHints":{"allow":["GET"]}}],"collection":[{"href":"https:\/\/linitiative.ca\/International\/wp-json\/wp\/v2\/posts"}],"about":[{"href":"https:\/\/linitiative.ca\/International\/wp-json\/wp\/v2\/types\/post"}],"author":[{"embeddable":true,"href":"https:\/\/linitiative.ca\/International\/wp-json\/wp\/v2\/users\/1788"}],"replies":[{"embeddable":true,"href":"https:\/\/linitiative.ca\/International\/wp-json\/wp\/v2\/comments?post=150815"}],"version-history":[{"count":0,"href":"https:\/\/linitiative.ca\/International\/wp-json\/wp\/v2\/posts\/150815\/revisions"}],"wp:attachment":[{"href":"https:\/\/linitiative.ca\/International\/wp-json\/wp\/v2\/media?parent=150815"}],"wp:term":[{"taxonomy":"category","embeddable":true,"href":"https:\/\/linitiative.ca\/International\/wp-json\/wp\/v2\/categories?post=150815"},{"taxonomy":"post_tag","embeddable":true,"href":"https:\/\/linitiative.ca\/International\/wp-json\/wp\/v2\/tags?post=150815"}],"curies":[{"name":"wp","href":"https:\/\/api.w.org\/{rel}","templated":true}]}}