{"id":150817,"date":"2022-06-23T13:02:38","date_gmt":"2022-06-23T17:02:38","guid":{"rendered":"https:\/\/linitiative.ca\/International\/le-raja-de-casablanca-battu-a-domicile-face-a-lolympique-de-safi\/"},"modified":"2022-06-23T13:02:38","modified_gmt":"2022-06-23T17:02:38","slug":"le-raja-de-casablanca-battu-a-domicile-face-a-lolympique-de-safi","status":"publish","type":"post","link":"https:\/\/linitiative.ca\/International\/le-raja-de-casablanca-battu-a-domicile-face-a-lolympique-de-safi\/","title":{"rendered":"Le Raja de Casablanca battu \u00e0 domicile face \u00e0 l\u2019Olympique de Safi"},"content":{"rendered":"<div>\n<div style=\"margin-bottom:20px;\"><img loading=\"lazy\" decoding=\"async\" width=\"750\" height=\"430\" src=\"https:\/\/linitiative.ca\/International\/wp-content\/uploads\/sites\/23\/2022\/06\/foot-.jpg\" class=\"attachment-post-thumbnail size-post-thumbnail wp-post-image\" alt=\"\" srcset=\"https:\/\/linitiative.ca\/International\/wp-content\/uploads\/sites\/23\/2022\/06\/foot-.jpg 750w, https:\/\/www.mapmarrakech.ma\/map\/uploads\/2021\/08\/foot--300x172.jpg 300w\" sizes=\"auto, (max-width: 750px) 100vw, 750px\"><\/div>\n<p>Safi a repris le dessus en seconde mi-temps, et a termin\u00e9 le match sur le score de 2-3 apr\u00e8s avoir souffert de 1 but de retard \u00e0 la fin de la premi\u00e8re partie.<\/p>\n<p>L\u2019ouverture du score pour les Verts est survenue par le biais d\u2019un penalty d\u2019Ahadad \u00e0 la 10e minute. Les Safiots sont revenus \u00e0 la marque \u00e0 la 21e minute avec une r\u00e9alisation d\u2019Hamza Khabba. Les Vert et blanc ont pris le contr\u00f4le de la rencontre \u00e0 la 45e minute avec une r\u00e9alisation de Marouane Hadhoudi. L\u2019OCS a recoll\u00e9 au score \u00e0 la 72e minute avec une r\u00e9alisation de Djibril Ouattara. Le club du Requin bleu a repris les r\u00eanes de la rencontre \u00e0 la 86e minute avec un but de Claudio Santos.<\/p>\n<p>Dans les rangs de Casablanca, Mohamed Al Makaazi a \u00e9cop\u00e9 d\u2019un carton rouge \u00e0 la 57e minute.<\/p>\n<p>\u00c0 la suite de ce match, l\u2019Olympic de Safi, 32 points, se hisse \u00e0 la dixi\u00e8me place du classement, tandis que les Casablancais demeurent \u00e0 la deuxi\u00e8me place avec 53 points.<\/p>\n<p>Pour la prochaine journ\u00e9e de Botola, Safi \u00e9voluera \u00e0 domicile face \u00e0 l\u2019Ittihad de Tanger, tandis que le RCA jouera \u00e0 l\u2019ext\u00e9rieur contre l\u2019Hassania d\u2019Agadir.<\/p>\n<p><b>Fiche technique <\/b><\/p>\n<p>Botola Pro D1, 27e journ\u00e9e<\/p>\n<p>Raja de Casablanca\u00a0\u2013\u00a0Olympique de Safi : 2-3, 2-1 \u00e0 la mi-temps<\/p>\n<p>Au complexe sportif Mohammed V de Casablanca, mercredi 22 juin 2022, coup d\u2019envoi \u00e0 19h15<\/p>\n<p>Arbitre : Mohamed Nhayeh<\/p>\n<p>The post <a rel=\"nofollow\" href=\"https:\/\/www.mapmarrakech.ma\/fr\/le-raja-de-casablanca-battu-a-domicile-face-a-lolympique-de-safi\/\">Le Raja de Casablanca battu \u00e0 domicile face \u00e0 l\u2019Olympique de Safi<\/a> appeared first on <a rel=\"nofollow\" href=\"https:\/\/www.mapmarrakech.ma\/fr\">MapMarrakech<\/a>.<\/p>\n<\/div>\n<p>Auteur: Meriem IGASS<br \/>\n<a href=\"https:\/\/www.mapmarrakech.ma\/fr\/le-raja-de-casablanca-battu-a-domicile-face-a-lolympique-de-safi\/\">Cliquez ici pour lire l&rsquo;article depuis sa source.<\/a><\/p>\n","protected":false},"excerpt":{"rendered":"<p>Safi a repris le dessus en seconde mi-temps, et a termin\u00e9 le match sur le score de 2-3 apr\u00e8s avoir souffert de 1 but de retard \u00e0 la fin de la premi\u00e8re partie. L\u2019ouverture du score pour les Verts est survenue par le biais d\u2019un penalty d\u2019Ahadad \u00e0 la 10e minute. Les Safiots sont revenus [&hellip;]<\/p>\n","protected":false},"author":1788,"featured_media":0,"comment_status":"closed","ping_status":"closed","sticky":false,"template":"","format":"standard","meta":{"fifu_image_url":"https:\/\/www.mapmarrakech.ma\/map\/uploads\/2021\/08\/foot-.jpg","fifu_image_alt":"Le Raja de Casablanca battu \u00e0 domicile face \u00e0 l\u2019Olympique de Safi","footnotes":""},"categories":[54,76],"tags":[],"class_list":["post-150817","post","type-post","status-publish","format-standard","hentry","category-maroc","category-regions"],"_links":{"self":[{"href":"https:\/\/linitiative.ca\/International\/wp-json\/wp\/v2\/posts\/150817","targetHints":{"allow":["GET"]}}],"collection":[{"href":"https:\/\/linitiative.ca\/International\/wp-json\/wp\/v2\/posts"}],"about":[{"href":"https:\/\/linitiative.ca\/International\/wp-json\/wp\/v2\/types\/post"}],"author":[{"embeddable":true,"href":"https:\/\/linitiative.ca\/International\/wp-json\/wp\/v2\/users\/1788"}],"replies":[{"embeddable":true,"href":"https:\/\/linitiative.ca\/International\/wp-json\/wp\/v2\/comments?post=150817"}],"version-history":[{"count":0,"href":"https:\/\/linitiative.ca\/International\/wp-json\/wp\/v2\/posts\/150817\/revisions"}],"wp:attachment":[{"href":"https:\/\/linitiative.ca\/International\/wp-json\/wp\/v2\/media?parent=150817"}],"wp:term":[{"taxonomy":"category","embeddable":true,"href":"https:\/\/linitiative.ca\/International\/wp-json\/wp\/v2\/categories?post=150817"},{"taxonomy":"post_tag","embeddable":true,"href":"https:\/\/linitiative.ca\/International\/wp-json\/wp\/v2\/tags?post=150817"}],"curies":[{"name":"wp","href":"https:\/\/api.w.org\/{rel}","templated":true}]}}