{"id":150819,"date":"2022-06-23T12:38:37","date_gmt":"2022-06-23T16:38:37","guid":{"rendered":"https:\/\/linitiative.ca\/International\/nuit-des-musees-inauguration-de-deux-expositions-artistiques-a-oujda\/"},"modified":"2022-06-23T12:38:37","modified_gmt":"2022-06-23T16:38:37","slug":"nuit-des-musees-inauguration-de-deux-expositions-artistiques-a-oujda","status":"publish","type":"post","link":"https:\/\/linitiative.ca\/International\/nuit-des-musees-inauguration-de-deux-expositions-artistiques-a-oujda\/","title":{"rendered":"Nuit des mus\u00e9es : Inauguration de deux expositions artistiques \u00e0 Oujda"},"content":{"rendered":"<div>\n<div style=\"margin-bottom:20px;\"><img loading=\"lazy\" decoding=\"async\" width=\"750\" height=\"430\" src=\"https:\/\/linitiative.ca\/International\/wp-content\/uploads\/sites\/23\/2022\/06\/art-galeriE-musC3A9e-musC3A9es-nuit-750C397430-MAP.jpg\" class=\"attachment-post-thumbnail size-post-thumbnail wp-post-image\" alt=\"\" srcset=\"https:\/\/linitiative.ca\/International\/wp-content\/uploads\/sites\/23\/2022\/06\/art-galeriE-musC3A9e-musC3A9es-nuit-750C397430-MAP.jpg 750w, https:\/\/www.mapoujda.ma\/map\/uploads\/2022\/06\/art-galeriE-mus\u00e9e-mus\u00e9es-nuit-750\u00d7430-MAP-300x172.jpg 300w\" sizes=\"auto, (max-width: 750px) 100vw, 750px\"><\/div>\n<div>\n<p style=\"text-align: justify;\">Deux expositions d\u2019art plastique ont \u00e9t\u00e9 inaugur\u00e9es, mercredi soir \u00e0 Oujda, dans le cadre de la 1\u00e8re \u00e9dition de la Nuit des mus\u00e9es et des espaces culturels, organis\u00e9e sous le Haut patronage de SM le Roi Mohammed VI.<\/p>\n<p style=\"text-align: justify;\">Ces expositions, tenues jusqu\u2019au 30 juin \u00e0 l\u2019initiative de la Direction r\u00e9gionale de la Culture de l\u2019Oriental \u00e0 la Galerie d\u2019art Moulay El Hassan et la galerie d\u2019exposition du Th\u00e9\u00e2tre Mohammed VI d\u2019Oujda, mettent la lumi\u00e8re sur des oeuvres d\u2019artistes peintres marocains repr\u00e9sentant diff\u00e9rentes \u00e9coles artistiques.<\/p>\n<p style=\"text-align: justify;\">Dans une d\u00e9claration \u00e0 la MAP \u00e0 cette occasion, le directeur r\u00e9gional de la Culture de l\u2019Oriental, Mountassir Loukili, a indiqu\u00e9 que ces expositions ouvertes au public visent \u00e0 promouvoir les arts, en particulier l\u2019art pictural.<\/p>\n<p style=\"text-align: justify;\">L\u2019exposition organis\u00e9e au Th\u00e9\u00e2tre Mohammed VI sous le th\u00e8me \u00ab\u00a0Couleurs en voyage\u00a0\u00bb connait la participation de 15 artistes peintres de diff\u00e9rentes villes marocaines, dont les oeuvres refl\u00e8tent la diversit\u00e9 des th\u00e8mes abord\u00e9s par l\u2019art pictural et l\u2019importance de l\u2019art dans la vie, a-t-il ajout\u00e9.<\/p>\n<p style=\"text-align: justify;\">De son c\u00f4t\u00e9, l\u2019artiste peintre Abdenbi Ketoui a mis en exergue l\u2019importance de ce genre d\u2019initiatives en tant qu\u2019outil didactique, permettant de transmettre les valeurs artistiques et esth\u00e9tiques \u00e0 un public de tous \u00e2ges et cat\u00e9gories.<\/p>\n<p style=\"text-align: justify;\">Dans le m\u00eame sens, l\u2019artiste Imane El Mezgueldi a relev\u00e9 que cette manifestation offre l\u2019occasion d\u2019aller \u00e0 la rencontre du public, ajoutant que ses \u0153uvres traitent de th\u00e8mes li\u00e9s \u00e0 l\u2019essence m\u00eame de l\u2019\u00eatre humain et constituent une tentative de comprendre son comportement.<\/p>\n<p style=\"text-align: justify;\">La Nuit des mus\u00e9es et des espaces culturels, organis\u00e9e par la Fondation Nationale des Mus\u00e9es, la Fondation Jardin Majorelle et le minist\u00e8re de la Jeunesse, de la Culture et de la Communication, se veut un \u00e9v\u00e9nement annuel qui refl\u00e8te le dynamisme culturel au Maroc.<\/p>\n<p style=\"text-align: justify;\">Oujda, T\u00e9touan, Tanger, F\u00e8s, Mekn\u00e8s, Rabat, Casablanca, Safi et Marrakech offrent, \u00e0 cette occasion, une multitude de programmes d\u2019expositions d\u2019art moderne, contemporain et ethnographique pour permettre \u00e0 tous les publics d\u2019investir les mus\u00e9es.<\/p>\n<\/div>\n<p>L\u2019article <a rel=\"nofollow\" href=\"https:\/\/www.mapoujda.ma\/fr\/nuit-des-musees-inauguration-de-deux-expositions-artistiques-a-oujda\/\">Nuit des mus\u00e9es : Inauguration de deux expositions artistiques \u00e0 Oujda<\/a> est apparu en premier sur <a rel=\"nofollow\" href=\"https:\/\/www.mapoujda.ma\/fr\">MapOujda<\/a>.<\/p>\n<\/div>\n<p>Auteur: Soufiane ELAHMAR<br \/>\n<a href=\"https:\/\/www.mapoujda.ma\/fr\/nuit-des-musees-inauguration-de-deux-expositions-artistiques-a-oujda\/\">Cliquez ici pour lire l&rsquo;article depuis sa source.<\/a><\/p>\n","protected":false},"excerpt":{"rendered":"<p>Deux expositions d\u2019art plastique ont \u00e9t\u00e9 inaugur\u00e9es, mercredi soir \u00e0 Oujda, dans le cadre de la 1\u00e8re \u00e9dition de la Nuit des mus\u00e9es et des espaces culturels, organis\u00e9e sous le Haut patronage de SM le Roi Mohammed VI. Ces expositions, tenues jusqu\u2019au 30 juin \u00e0 l\u2019initiative de la Direction r\u00e9gionale de la Culture de l\u2019Oriental [&hellip;]<\/p>\n","protected":false},"author":1788,"featured_media":0,"comment_status":"closed","ping_status":"closed","sticky":false,"template":"","format":"standard","meta":{"fifu_image_url":"https:\/\/www.mapoujda.ma\/map\/uploads\/2022\/06\/art-galeriE-mus\u00e9e-mus\u00e9es-nuit-750\u00d7430-MAP.jpg","fifu_image_alt":"Nuit des mus\u00e9es : Inauguration de deux expositions artistiques \u00e0 Oujda","footnotes":""},"categories":[54,76],"tags":[],"class_list":["post-150819","post","type-post","status-publish","format-standard","hentry","category-maroc","category-regions"],"_links":{"self":[{"href":"https:\/\/linitiative.ca\/International\/wp-json\/wp\/v2\/posts\/150819","targetHints":{"allow":["GET"]}}],"collection":[{"href":"https:\/\/linitiative.ca\/International\/wp-json\/wp\/v2\/posts"}],"about":[{"href":"https:\/\/linitiative.ca\/International\/wp-json\/wp\/v2\/types\/post"}],"author":[{"embeddable":true,"href":"https:\/\/linitiative.ca\/International\/wp-json\/wp\/v2\/users\/1788"}],"replies":[{"embeddable":true,"href":"https:\/\/linitiative.ca\/International\/wp-json\/wp\/v2\/comments?post=150819"}],"version-history":[{"count":0,"href":"https:\/\/linitiative.ca\/International\/wp-json\/wp\/v2\/posts\/150819\/revisions"}],"wp:attachment":[{"href":"https:\/\/linitiative.ca\/International\/wp-json\/wp\/v2\/media?parent=150819"}],"wp:term":[{"taxonomy":"category","embeddable":true,"href":"https:\/\/linitiative.ca\/International\/wp-json\/wp\/v2\/categories?post=150819"},{"taxonomy":"post_tag","embeddable":true,"href":"https:\/\/linitiative.ca\/International\/wp-json\/wp\/v2\/tags?post=150819"}],"curies":[{"name":"wp","href":"https:\/\/api.w.org\/{rel}","templated":true}]}}