{"id":150821,"date":"2022-06-23T12:52:09","date_gmt":"2022-06-23T16:52:09","guid":{"rendered":"https:\/\/linitiative.ca\/International\/prolongation-de-letat-durgence-sanitaire-jusqua-fin-juillet\/"},"modified":"2022-06-23T12:52:09","modified_gmt":"2022-06-23T16:52:09","slug":"prolongation-de-letat-durgence-sanitaire-jusqua-fin-juillet","status":"publish","type":"post","link":"https:\/\/linitiative.ca\/International\/prolongation-de-letat-durgence-sanitaire-jusqua-fin-juillet\/","title":{"rendered":"Prolongation de l\u2019\u00e9tat d\u2019urgence sanitaire jusqu\u2019\u00e0 fin juillet"},"content":{"rendered":"<div>\n<div style=\"margin-bottom:20px;\"><img loading=\"lazy\" decoding=\"async\" width=\"750\" height=\"430\" src=\"https:\/\/linitiative.ca\/International\/wp-content\/uploads\/sites\/23\/2022\/06\/Ie-travail-nocturne-des-C3A9lC3A9ments-de-la-DGSN-750C397430-MAP.jpg\" class=\"attachment-post-thumbnail size-post-thumbnail wp-post-image\" alt=\"\" srcset=\"https:\/\/linitiative.ca\/International\/wp-content\/uploads\/sites\/23\/2022\/06\/Ie-travail-nocturne-des-C3A9lC3A9ments-de-la-DGSN-750C397430-MAP.jpg 750w, https:\/\/www.mapoujda.ma\/map\/uploads\/2021\/03\/Ie-travail-nocturne-des-\u00e9l\u00e9ments-de-la-DGSN-750\u00d7430-MAP-300x172.jpg 300w\" sizes=\"auto, (max-width: 750px) 100vw, 750px\"><\/div>\n<p style=\"text-align: justify;\">Le Conseil de gouvernement, r\u00e9uni jeudi sous la pr\u00e9sidence du Chef du gouvernement, Aziz Akhannouch, a approuv\u00e9 le projet de d\u00e9cret 2.22.448 portant prorogation de la dur\u00e9e de validit\u00e9 de l\u2019\u00e9tat d\u2019urgence sanitaire sur l\u2019ensemble du territoire national, dans le cadre des efforts d\u00e9ploy\u00e9s pour juguler la propagation de la pand\u00e9mie de Covid-19.<\/p>\n<p style=\"text-align: justify;\">Pr\u00e9sent\u00e9 par le ministre de l\u2019Int\u00e9rieur, Abdelouafi Laftit, ledit projet de d\u00e9cret porte prorogation de la dur\u00e9e de validit\u00e9 de l\u2019\u00e9tat d\u2019urgence sanitaire sur l\u2019ensemble du territoire national du jeudi 30 juin \u00e0 18h00 jusqu\u2019au 31 juillet 2022 \u00e0 18h00, a expliqu\u00e9 le ministre d\u00e9l\u00e9gu\u00e9 charg\u00e9 des Relations avec le Parlement, porte-parole du gouvernement, Mustapha Baitas, lors d\u2019un point de presse \u00e0 l\u2019issue du Conseil.<\/p>\n<p style=\"text-align: justify;\">L\u2019approbation dudit projet s\u2019assigne pour objectif d\u2019assurer l\u2019efficience des mesures prises par les autorit\u00e9s publiques pour juguler la propagation de la pand\u00e9mie de Covid-19, a ajout\u00e9 M. Baitas.<\/p>\n<p>L\u2019article <a rel=\"nofollow\" href=\"https:\/\/www.mapoujda.ma\/fr\/prolongation-de-letat-durgence-sanitaire-jusqua-fin-juillet\/\">Prolongation de l\u2019\u00e9tat d\u2019urgence sanitaire jusqu\u2019\u00e0 fin juillet<\/a> est apparu en premier sur <a rel=\"nofollow\" href=\"https:\/\/www.mapoujda.ma\/fr\">MapOujda<\/a>.<\/p>\n<\/div>\n<p>Auteur: Soufiane ELAHMAR<br \/>\n<a href=\"https:\/\/www.mapoujda.ma\/fr\/prolongation-de-letat-durgence-sanitaire-jusqua-fin-juillet\/\">Cliquez ici pour lire l&rsquo;article depuis sa source.<\/a><\/p>\n","protected":false},"excerpt":{"rendered":"<p>Le Conseil de gouvernement, r\u00e9uni jeudi sous la pr\u00e9sidence du Chef du gouvernement, Aziz Akhannouch, a approuv\u00e9 le projet de d\u00e9cret 2.22.448 portant prorogation de la dur\u00e9e de validit\u00e9 de l\u2019\u00e9tat d\u2019urgence sanitaire sur l\u2019ensemble du territoire national, dans le cadre des efforts d\u00e9ploy\u00e9s pour juguler la propagation de la pand\u00e9mie de Covid-19. Pr\u00e9sent\u00e9 par [&hellip;]<\/p>\n","protected":false},"author":1788,"featured_media":0,"comment_status":"closed","ping_status":"closed","sticky":false,"template":"","format":"standard","meta":{"fifu_image_url":"https:\/\/www.mapoujda.ma\/map\/uploads\/2021\/03\/Ie-travail-nocturne-des-\u00e9l\u00e9ments-de-la-DGSN-750\u00d7430-MAP.jpg","fifu_image_alt":"Prolongation de l\u2019\u00e9tat d\u2019urgence sanitaire jusqu\u2019\u00e0 fin juillet","footnotes":""},"categories":[54,76],"tags":[],"class_list":["post-150821","post","type-post","status-publish","format-standard","hentry","category-maroc","category-regions"],"_links":{"self":[{"href":"https:\/\/linitiative.ca\/International\/wp-json\/wp\/v2\/posts\/150821","targetHints":{"allow":["GET"]}}],"collection":[{"href":"https:\/\/linitiative.ca\/International\/wp-json\/wp\/v2\/posts"}],"about":[{"href":"https:\/\/linitiative.ca\/International\/wp-json\/wp\/v2\/types\/post"}],"author":[{"embeddable":true,"href":"https:\/\/linitiative.ca\/International\/wp-json\/wp\/v2\/users\/1788"}],"replies":[{"embeddable":true,"href":"https:\/\/linitiative.ca\/International\/wp-json\/wp\/v2\/comments?post=150821"}],"version-history":[{"count":0,"href":"https:\/\/linitiative.ca\/International\/wp-json\/wp\/v2\/posts\/150821\/revisions"}],"wp:attachment":[{"href":"https:\/\/linitiative.ca\/International\/wp-json\/wp\/v2\/media?parent=150821"}],"wp:term":[{"taxonomy":"category","embeddable":true,"href":"https:\/\/linitiative.ca\/International\/wp-json\/wp\/v2\/categories?post=150821"},{"taxonomy":"post_tag","embeddable":true,"href":"https:\/\/linitiative.ca\/International\/wp-json\/wp\/v2\/tags?post=150821"}],"curies":[{"name":"wp","href":"https:\/\/api.w.org\/{rel}","templated":true}]}}