{"id":150823,"date":"2022-06-23T10:08:12","date_gmt":"2022-06-23T14:08:12","guid":{"rendered":"https:\/\/linitiative.ca\/International\/cese-membre-du-ca-de-lunion-des-conseils-economiques-et-sociaux-arabes-et-institutions-similaires\/"},"modified":"2022-06-23T10:08:12","modified_gmt":"2022-06-23T14:08:12","slug":"cese-membre-du-ca-de-lunion-des-conseils-economiques-et-sociaux-arabes-et-institutions-similaires","status":"publish","type":"post","link":"https:\/\/linitiative.ca\/International\/cese-membre-du-ca-de-lunion-des-conseils-economiques-et-sociaux-arabes-et-institutions-similaires\/","title":{"rendered":"CESE, membre du CA de l\u2019Union des conseils \u00e9conomiques et sociaux arabes et institutions similaires"},"content":{"rendered":"<div>\n<div class=\"field field-name-body field-type-text-with-summary field-label-hidden\">\n<div class=\"field-items\">\n<div class=\"field-item even\" property=\"content:encoded\">\n<p class=\"rtejustify\">Le Conseil \u00c9conomique, Social et Environnemental (CESE) du Maroc a \u00e9t\u00e9 \u00e9lu membre du Conseil d\u2019Administration de l\u2019Union des Conseils \u00e9conomiques et sociaux arabes et institutions similaires pour un mandat de 3 ans (2022-2025), \u00e0 l\u2019occasion de l\u2019Assembl\u00e9e g\u00e9n\u00e9rale extraordinaire, tenue le 20 juin 2022 \u00e0 Alger.<\/p>\n<\/div>\n<\/div>\n<\/div>\n<\/div>\n<p>Auteur: mbasraoui<br \/>\n<a href=\"https:\/\/www.leconomiste.com\/flash-infos\/le-cese-membre-du-ca-de-l-union-des-conseils-economiques-et-sociaux-arabes-et\">Cliquez ici pour lire l&rsquo;article depuis sa source.<\/a><\/p>\n","protected":false},"excerpt":{"rendered":"<p>Le Conseil \u00c9conomique, Social et Environnemental (CESE) du Maroc a \u00e9t\u00e9 \u00e9lu membre du Conseil d\u2019Administration de l\u2019Union des Conseils \u00e9conomiques et sociaux arabes et institutions similaires pour un mandat de 3 ans (2022-2025), \u00e0 l\u2019occasion de l\u2019Assembl\u00e9e g\u00e9n\u00e9rale extraordinaire, tenue le 20 juin 2022 \u00e0 Alger. Auteur: mbasraoui Cliquez ici pour lire l&rsquo;article depuis [&hellip;]<\/p>\n","protected":false},"author":1763,"featured_media":0,"comment_status":"closed","ping_status":"closed","sticky":false,"template":"","format":"standard","meta":{"fifu_image_url":"","fifu_image_alt":"","footnotes":""},"categories":[78,54],"tags":[],"class_list":["post-150823","post","type-post","status-publish","format-standard","hentry","category-economie","category-maroc"],"_links":{"self":[{"href":"https:\/\/linitiative.ca\/International\/wp-json\/wp\/v2\/posts\/150823","targetHints":{"allow":["GET"]}}],"collection":[{"href":"https:\/\/linitiative.ca\/International\/wp-json\/wp\/v2\/posts"}],"about":[{"href":"https:\/\/linitiative.ca\/International\/wp-json\/wp\/v2\/types\/post"}],"author":[{"embeddable":true,"href":"https:\/\/linitiative.ca\/International\/wp-json\/wp\/v2\/users\/1763"}],"replies":[{"embeddable":true,"href":"https:\/\/linitiative.ca\/International\/wp-json\/wp\/v2\/comments?post=150823"}],"version-history":[{"count":0,"href":"https:\/\/linitiative.ca\/International\/wp-json\/wp\/v2\/posts\/150823\/revisions"}],"wp:attachment":[{"href":"https:\/\/linitiative.ca\/International\/wp-json\/wp\/v2\/media?parent=150823"}],"wp:term":[{"taxonomy":"category","embeddable":true,"href":"https:\/\/linitiative.ca\/International\/wp-json\/wp\/v2\/categories?post=150823"},{"taxonomy":"post_tag","embeddable":true,"href":"https:\/\/linitiative.ca\/International\/wp-json\/wp\/v2\/tags?post=150823"}],"curies":[{"name":"wp","href":"https:\/\/api.w.org\/{rel}","templated":true}]}}