{"id":150831,"date":"2022-06-23T09:00:00","date_gmt":"2022-06-23T13:00:00","guid":{"rendered":"https:\/\/linitiative.ca\/International\/anthony-mandrea-signe-pour-deux-saisons-avec-le-sm-caen\/"},"modified":"2022-06-23T09:00:00","modified_gmt":"2022-06-23T13:00:00","slug":"anthony-mandrea-signe-pour-deux-saisons-avec-le-sm-caen","status":"publish","type":"post","link":"https:\/\/linitiative.ca\/International\/anthony-mandrea-signe-pour-deux-saisons-avec-le-sm-caen\/","title":{"rendered":"Anthony Mandrea signe pour deux saisons avec le SM Caen"},"content":{"rendered":"<div>Le gardien de la s\u00e9lection nationale, libre de tout contrat, s\u2019est engag\u00e9 pour les deux prochaines saisons avec le SM Caen en deuxi\u00e8me division fran\u00e7aise<\/div>\n<p>Auteur:<br \/>\n<a href=\"https:\/\/www.lebuteur.com\/article\/detail?titre=anthony-mandrea-signe-pour-deux-saisons-avec-le-sm-caen&#038;id=103048\">Cliquez ici pour lire l&rsquo;article depuis sa source.<\/a><\/p>\n","protected":false},"excerpt":{"rendered":"<p>Le gardien de la s\u00e9lection nationale, libre de tout contrat, s\u2019est engag\u00e9 pour les deux prochaines saisons avec le SM Caen en deuxi\u00e8me division fran\u00e7aise Auteur: Cliquez ici pour lire l&rsquo;article depuis sa source.<\/p>\n","protected":false},"author":1738,"featured_media":0,"comment_status":"closed","ping_status":"closed","sticky":false,"template":"","format":"standard","meta":{"fifu_image_url":"","fifu_image_alt":"","footnotes":""},"categories":[53,75],"tags":[],"class_list":["post-150831","post","type-post","status-publish","format-standard","hentry","category-algerie","category-sport"],"_links":{"self":[{"href":"https:\/\/linitiative.ca\/International\/wp-json\/wp\/v2\/posts\/150831","targetHints":{"allow":["GET"]}}],"collection":[{"href":"https:\/\/linitiative.ca\/International\/wp-json\/wp\/v2\/posts"}],"about":[{"href":"https:\/\/linitiative.ca\/International\/wp-json\/wp\/v2\/types\/post"}],"author":[{"embeddable":true,"href":"https:\/\/linitiative.ca\/International\/wp-json\/wp\/v2\/users\/1738"}],"replies":[{"embeddable":true,"href":"https:\/\/linitiative.ca\/International\/wp-json\/wp\/v2\/comments?post=150831"}],"version-history":[{"count":0,"href":"https:\/\/linitiative.ca\/International\/wp-json\/wp\/v2\/posts\/150831\/revisions"}],"wp:attachment":[{"href":"https:\/\/linitiative.ca\/International\/wp-json\/wp\/v2\/media?parent=150831"}],"wp:term":[{"taxonomy":"category","embeddable":true,"href":"https:\/\/linitiative.ca\/International\/wp-json\/wp\/v2\/categories?post=150831"},{"taxonomy":"post_tag","embeddable":true,"href":"https:\/\/linitiative.ca\/International\/wp-json\/wp\/v2\/tags?post=150831"}],"curies":[{"name":"wp","href":"https:\/\/api.w.org\/{rel}","templated":true}]}}